{"id":1759,"date":"2018-05-13T18:49:52","date_gmt":"2018-05-13T16:49:52","guid":{"rendered":"https:\/\/lionsnordestitalia.it\/distretto108ta1\/al-cpp-si-registra-il-primo-rifugiato\/"},"modified":"2018-05-13T18:49:52","modified_gmt":"2018-05-13T16:49:52","slug":"al-cpp-si-registra-il-primo-rifugiato","status":"publish","type":"post","link":"https:\/\/lionsnordestitalia.it\/distretto108ta1\/al-cpp-si-registra-il-primo-rifugiato\/","title":{"rendered":"Al CPP si registra il primo rifugiato"},"content":{"rendered":"<p><img decoding=\"async\" class=\" size-full wp-image-1758\" src=\"https:\/\/lionsnordestitalia.it\/distretto108ta1\/wp-content\/uploads\/sites\/4\/2018\/05\/ca518bf183c339c376b4bdc5c275df01-scaled.jpg\" alt=\"\" width=\"1716\" height=\"2080\" srcset=\"https:\/\/static.lionsnordestitalia.it\/2018\/05\/ca518bf183c339c376b4bdc5c275df01-200x242.jpg 200w, https:\/\/static.lionsnordestitalia.it\/2018\/05\/ca518bf183c339c376b4bdc5c275df01-248x300.jpg 248w, https:\/\/static.lionsnordestitalia.it\/2018\/05\/ca518bf183c339c376b4bdc5c275df01-400x485.jpg 400w, https:\/\/static.lionsnordestitalia.it\/2018\/05\/ca518bf183c339c376b4bdc5c275df01-600x727.jpg 600w, https:\/\/static.lionsnordestitalia.it\/2018\/05\/ca518bf183c339c376b4bdc5c275df01-768x931.jpg 768w, https:\/\/static.lionsnordestitalia.it\/2018\/05\/ca518bf183c339c376b4bdc5c275df01-800x970.jpg 800w, https:\/\/static.lionsnordestitalia.it\/2018\/05\/ca518bf183c339c376b4bdc5c275df01-845x1024.jpg 845w, https:\/\/static.lionsnordestitalia.it\/2018\/05\/ca518bf183c339c376b4bdc5c275df01-1200x1455.jpg 1200w, https:\/\/static.lionsnordestitalia.it\/2018\/05\/ca518bf183c339c376b4bdc5c275df01-1267x1536.jpg 1267w, https:\/\/static.lionsnordestitalia.it\/2018\/05\/ca518bf183c339c376b4bdc5c275df01-1690x2048.jpg 1690w, https:\/\/static.lionsnordestitalia.it\/2018\/05\/ca518bf183c339c376b4bdc5c275df01-scaled.jpg 1716w\" sizes=\"(max-width: 1716px) 100vw, 1716px\" \/><\/p>\n<p>Udite udite&#8230; la britannica Peppa Pig \u00e8 stata bandita in Cina: la maialina pi\u00f9 amata dai bambini \u00e8 stata giudicata &#8220;sovversiva&#8221;. Troppe marachelle! Cos\u00ec nei confronti di Peppa Pig e della sua famiglia la piattaforma internet Douyin ha emanato un ordine restrittivo.<\/p>\n<p>  <!--more-->  <\/p>\n<p>Ma prima dell&#8217;esecuzione del provvedimento cautelare Peppa Pig, che \u00e8 una dritta, ha preso contatto con il nostro ufficio, leader mondiale nell&#8217;outplacement dei peluche, ed ha proposto domanda di asilo politico.<\/p>\n<p>La comprovata esperienza nella ricollocazione lavorativa del Lions Club Thiene Colleoni sbarca oltre oceano, anticipata dalla fama del movimento \u201cContro il Prepensionamento dei Peluche\u201d che ormai ha assunto una dimensione globale. Sensibile alle esigenze della categoria, il Lions non poteva che riconoscere la protezione internazionale a Peppa Pig che ora vive serenamente il proprio percorso formativo assistita dai professionisti del Club preoccupati delle ripercussioni emotive che la persecuzione politica pu\u00f2 aver provocato.<\/p>\n<p>Secondo il Global Times Peppa Pig crea dipendenza nei bambini ed ha un&#8217;anima da icona &#8220;sovversiva&#8221; di una giovent\u00f9 &#8220;antisociale e inattiva&#8221;. Il CPP, attraverso gli psicologi delle organizzazioni che operano da tempo nella struttura, ha invece verificato che l&#8217;effetto su Peppa del differente clima psicosociale ed organizzativo non ha inciso sui fattori che influenzano il funzionamento organizzativo. \u201cL&#8217;unico errore di Peppa Pig \u00e8 stato quello di essere finita nelle mani degli adulti a causa di una spinta commercializzazione di tatuaggi, magliette, tazze e orologi che ha provocato la sua enorme popolarit\u00e0 anche tra i pi\u00f9 grandi, che l&#8217;ha fatta diventare un riferimento comune\u201d, spiegano i professionisti del Lions Club Thiene Colleoni che non concordano sulla semplicistica rappresentazione dei fatti del Global Times che invece motiva la censura con un \u201crischio potenziale di compromissione della morale, causato per l&#8217;appunto dalla popolarit\u00e0 virale del cartone britannico\u201d.<\/p>\n<p>Il CPP sfida, quindi, l&#8217;atteggiamento repressivo mandarino ed offre a Peppa Pig una nuova possibilit\u00e0 di ripartenza, certo della capacit\u00e0 di Peppa di analizzare i processi cognitivi ed emotivi coinvolti nelle prestazioni e nelle relazioni lavorative soprattutto con i pi\u00f9 piccoli verso i quali esprime le motivazioni pi\u00f9 radicate.<\/p>\n<p>\u00a0<\/p>\n","protected":false},"excerpt":{"rendered":"<p>Udite udite&#8230; la britannica Peppa Pig \u00e8 stata bandita in [&hellip;]<\/p>\n","protected":false},"author":32,"featured_media":1758,"comment_status":"","ping_status":"closed","sticky":false,"template":"","format":"standard","meta":[],"categories":[1],"tags":[],"visibilities":[14],"yoast_head":"<!-- This site is optimized with the Yoast SEO plugin v18.4.1 - https:\/\/yoast.com\/wordpress\/plugins\/seo\/ -->\n<title>Al CPP si registra il primo rifugiato | Lions Italia Distretto 108Ta1<\/title>\n<meta name=\"robots\" content=\"index, follow, max-snippet:-1, max-image-preview:large, max-video-preview:-1\" \/>\n<link rel=\"canonical\" href=\"https:\/\/lionsnordestitalia.it\/distretto108ta1\/al-cpp-si-registra-il-primo-rifugiato\/\" \/>\n<meta property=\"og:locale\" content=\"it_IT\" \/>\n<meta property=\"og:type\" content=\"article\" \/>\n<meta property=\"og:title\" content=\"Al CPP si registra il primo rifugiato | Lions Italia Distretto 108Ta1\" \/>\n<meta property=\"og:description\" content=\"Udite udite&#8230; la britannica Peppa Pig \u00e8 stata bandita in [&hellip;]\" \/>\n<meta property=\"og:url\" content=\"https:\/\/lionsnordestitalia.it\/distretto108ta1\/al-cpp-si-registra-il-primo-rifugiato\/\" \/>\n<meta property=\"og:site_name\" content=\"Lions Italia Distretto 108Ta1\" \/>\n<meta property=\"article:published_time\" content=\"2018-05-13T16:49:52+00:00\" \/>\n<meta property=\"og:image\" content=\"https:\/\/lionsnordestitalia.it\/distretto108ta1\/wp-content\/uploads\/sites\/4\/2018\/05\/ca518bf183c339c376b4bdc5c275df01-scaled.jpg\" \/>\n\t<meta property=\"og:image:width\" content=\"1716\" \/>\n\t<meta property=\"og:image:height\" content=\"2080\" \/>\n\t<meta property=\"og:image:type\" content=\"image\/jpeg\" \/>\n<meta name=\"twitter:card\" content=\"summary_large_image\" \/>\n<meta name=\"twitter:label1\" content=\"Scritto da\" \/>\n\t<meta name=\"twitter:data1\" content=\"Giuliana\" \/>\n\t<meta name=\"twitter:label2\" content=\"Tempo di lettura stimato\" \/>\n\t<meta name=\"twitter:data2\" content=\"2 minuti\" \/>\n<script type=\"application\/ld+json\" class=\"yoast-schema-graph\">{\"@context\":\"https:\/\/schema.org\",\"@graph\":[{\"@type\":\"Organization\",\"@id\":\"https:\/\/lionsnordestitalia.it\/distretto108ta1\/#organization\",\"name\":\"Lions Italia Distretto 108Ta1\",\"url\":\"https:\/\/lionsnordestitalia.it\/distretto108ta1\/\",\"sameAs\":[],\"logo\":{\"@type\":\"ImageObject\",\"@id\":\"https:\/\/lionsnordestitalia.it\/distretto108ta1\/#logo\",\"inLanguage\":\"it-IT\",\"url\":\"https:\/\/static.lionsnordestitalia.it\/2021\/03\/LCI_emblem_2color_web.png\",\"contentUrl\":\"https:\/\/static.lionsnordestitalia.it\/2021\/03\/LCI_emblem_2color_web.png\",\"width\":1296,\"height\":1296,\"caption\":\"Lions Italia Distretto 108Ta1\"},\"image\":{\"@id\":\"https:\/\/lionsnordestitalia.it\/distretto108ta1\/#logo\"}},{\"@type\":\"WebSite\",\"@id\":\"https:\/\/lionsnordestitalia.it\/distretto108ta1\/#website\",\"url\":\"https:\/\/lionsnordestitalia.it\/distretto108ta1\/\",\"name\":\"Lions Italia Distretto 108Ta1\",\"description\":\"\",\"publisher\":{\"@id\":\"https:\/\/lionsnordestitalia.it\/distretto108ta1\/#organization\"},\"potentialAction\":[{\"@type\":\"SearchAction\",\"target\":{\"@type\":\"EntryPoint\",\"urlTemplate\":\"https:\/\/lionsnordestitalia.it\/distretto108ta1\/?s={search_term_string}\"},\"query-input\":\"required name=search_term_string\"}],\"inLanguage\":\"it-IT\"},{\"@type\":\"ImageObject\",\"@id\":\"https:\/\/lionsnordestitalia.it\/distretto108ta1\/al-cpp-si-registra-il-primo-rifugiato\/#primaryimage\",\"inLanguage\":\"it-IT\",\"url\":\"https:\/\/static.lionsnordestitalia.it\/2018\/05\/ca518bf183c339c376b4bdc5c275df01-scaled.jpg\",\"contentUrl\":\"https:\/\/static.lionsnordestitalia.it\/2018\/05\/ca518bf183c339c376b4bdc5c275df01-scaled.jpg\",\"width\":1716,\"height\":2080},{\"@type\":\"WebPage\",\"@id\":\"https:\/\/lionsnordestitalia.it\/distretto108ta1\/al-cpp-si-registra-il-primo-rifugiato\/#webpage\",\"url\":\"https:\/\/lionsnordestitalia.it\/distretto108ta1\/al-cpp-si-registra-il-primo-rifugiato\/\",\"name\":\"Al CPP si registra il primo rifugiato | Lions Italia Distretto 108Ta1\",\"isPartOf\":{\"@id\":\"https:\/\/lionsnordestitalia.it\/distretto108ta1\/#website\"},\"primaryImageOfPage\":{\"@id\":\"https:\/\/lionsnordestitalia.it\/distretto108ta1\/al-cpp-si-registra-il-primo-rifugiato\/#primaryimage\"},\"datePublished\":\"2018-05-13T16:49:52+00:00\",\"dateModified\":\"2018-05-13T16:49:52+00:00\",\"breadcrumb\":{\"@id\":\"https:\/\/lionsnordestitalia.it\/distretto108ta1\/al-cpp-si-registra-il-primo-rifugiato\/#breadcrumb\"},\"inLanguage\":\"it-IT\",\"potentialAction\":[{\"@type\":\"ReadAction\",\"target\":[\"https:\/\/lionsnordestitalia.it\/distretto108ta1\/al-cpp-si-registra-il-primo-rifugiato\/\"]}]},{\"@type\":\"BreadcrumbList\",\"@id\":\"https:\/\/lionsnordestitalia.it\/distretto108ta1\/al-cpp-si-registra-il-primo-rifugiato\/#breadcrumb\",\"itemListElement\":[{\"@type\":\"ListItem\",\"position\":1,\"name\":\"Home\",\"item\":\"https:\/\/lionsnordestitalia.it\/distretto108ta1\/\"},{\"@type\":\"ListItem\",\"position\":2,\"name\":\"Al CPP si registra il primo rifugiato\"}]},{\"@type\":\"Article\",\"@id\":\"https:\/\/lionsnordestitalia.it\/distretto108ta1\/al-cpp-si-registra-il-primo-rifugiato\/#article\",\"isPartOf\":{\"@id\":\"https:\/\/lionsnordestitalia.it\/distretto108ta1\/al-cpp-si-registra-il-primo-rifugiato\/#webpage\"},\"author\":{\"@id\":\"https:\/\/lionsnordestitalia.it\/distretto108ta1\/#\/schema\/person\/c501fd865a31f4f6f2b23b947ea07a16\"},\"headline\":\"Al CPP si registra il primo rifugiato\",\"datePublished\":\"2018-05-13T16:49:52+00:00\",\"dateModified\":\"2018-05-13T16:49:52+00:00\",\"mainEntityOfPage\":{\"@id\":\"https:\/\/lionsnordestitalia.it\/distretto108ta1\/al-cpp-si-registra-il-primo-rifugiato\/#webpage\"},\"wordCount\":342,\"publisher\":{\"@id\":\"https:\/\/lionsnordestitalia.it\/distretto108ta1\/#organization\"},\"image\":{\"@id\":\"https:\/\/lionsnordestitalia.it\/distretto108ta1\/al-cpp-si-registra-il-primo-rifugiato\/#primaryimage\"},\"thumbnailUrl\":\"https:\/\/static.lionsnordestitalia.it\/2018\/05\/ca518bf183c339c376b4bdc5c275df01-scaled.jpg\",\"inLanguage\":\"it-IT\"},{\"@type\":\"Person\",\"@id\":\"https:\/\/lionsnordestitalia.it\/distretto108ta1\/#\/schema\/person\/c501fd865a31f4f6f2b23b947ea07a16\",\"name\":\"Giuliana\"}]}<\/script>\n<!-- \/ Yoast SEO plugin. -->","yoast_head_json":{"title":"Al CPP si registra il primo rifugiato | Lions Italia Distretto 108Ta1","robots":{"index":"index","follow":"follow","max-snippet":"max-snippet:-1","max-image-preview":"max-image-preview:large","max-video-preview":"max-video-preview:-1"},"canonical":"https:\/\/lionsnordestitalia.it\/distretto108ta1\/al-cpp-si-registra-il-primo-rifugiato\/","og_locale":"it_IT","og_type":"article","og_title":"Al CPP si registra il primo rifugiato | Lions Italia Distretto 108Ta1","og_description":"Udite udite&#8230; la britannica Peppa Pig \u00e8 stata bandita in [&hellip;]","og_url":"https:\/\/lionsnordestitalia.it\/distretto108ta1\/al-cpp-si-registra-il-primo-rifugiato\/","og_site_name":"Lions Italia Distretto 108Ta1","article_published_time":"2018-05-13T16:49:52+00:00","og_image":[{"width":1716,"height":2080,"url":"https:\/\/lionsnordestitalia.it\/distretto108ta1\/wp-content\/uploads\/sites\/4\/2018\/05\/ca518bf183c339c376b4bdc5c275df01-scaled.jpg","type":"image\/jpeg"}],"twitter_card":"summary_large_image","twitter_misc":{"Scritto da":"Giuliana","Tempo di lettura stimato":"2 minuti"},"schema":{"@context":"https:\/\/schema.org","@graph":[{"@type":"Organization","@id":"https:\/\/lionsnordestitalia.it\/distretto108ta1\/#organization","name":"Lions Italia Distretto 108Ta1","url":"https:\/\/lionsnordestitalia.it\/distretto108ta1\/","sameAs":[],"logo":{"@type":"ImageObject","@id":"https:\/\/lionsnordestitalia.it\/distretto108ta1\/#logo","inLanguage":"it-IT","url":"https:\/\/static.lionsnordestitalia.it\/2021\/03\/LCI_emblem_2color_web.png","contentUrl":"https:\/\/static.lionsnordestitalia.it\/2021\/03\/LCI_emblem_2color_web.png","width":1296,"height":1296,"caption":"Lions Italia Distretto 108Ta1"},"image":{"@id":"https:\/\/lionsnordestitalia.it\/distretto108ta1\/#logo"}},{"@type":"WebSite","@id":"https:\/\/lionsnordestitalia.it\/distretto108ta1\/#website","url":"https:\/\/lionsnordestitalia.it\/distretto108ta1\/","name":"Lions Italia Distretto 108Ta1","description":"","publisher":{"@id":"https:\/\/lionsnordestitalia.it\/distretto108ta1\/#organization"},"potentialAction":[{"@type":"SearchAction","target":{"@type":"EntryPoint","urlTemplate":"https:\/\/lionsnordestitalia.it\/distretto108ta1\/?s={search_term_string}"},"query-input":"required name=search_term_string"}],"inLanguage":"it-IT"},{"@type":"ImageObject","@id":"https:\/\/lionsnordestitalia.it\/distretto108ta1\/al-cpp-si-registra-il-primo-rifugiato\/#primaryimage","inLanguage":"it-IT","url":"https:\/\/static.lionsnordestitalia.it\/2018\/05\/ca518bf183c339c376b4bdc5c275df01-scaled.jpg","contentUrl":"https:\/\/static.lionsnordestitalia.it\/2018\/05\/ca518bf183c339c376b4bdc5c275df01-scaled.jpg","width":1716,"height":2080},{"@type":"WebPage","@id":"https:\/\/lionsnordestitalia.it\/distretto108ta1\/al-cpp-si-registra-il-primo-rifugiato\/#webpage","url":"https:\/\/lionsnordestitalia.it\/distretto108ta1\/al-cpp-si-registra-il-primo-rifugiato\/","name":"Al CPP si registra il primo rifugiato | Lions Italia Distretto 108Ta1","isPartOf":{"@id":"https:\/\/lionsnordestitalia.it\/distretto108ta1\/#website"},"primaryImageOfPage":{"@id":"https:\/\/lionsnordestitalia.it\/distretto108ta1\/al-cpp-si-registra-il-primo-rifugiato\/#primaryimage"},"datePublished":"2018-05-13T16:49:52+00:00","dateModified":"2018-05-13T16:49:52+00:00","breadcrumb":{"@id":"https:\/\/lionsnordestitalia.it\/distretto108ta1\/al-cpp-si-registra-il-primo-rifugiato\/#breadcrumb"},"inLanguage":"it-IT","potentialAction":[{"@type":"ReadAction","target":["https:\/\/lionsnordestitalia.it\/distretto108ta1\/al-cpp-si-registra-il-primo-rifugiato\/"]}]},{"@type":"BreadcrumbList","@id":"https:\/\/lionsnordestitalia.it\/distretto108ta1\/al-cpp-si-registra-il-primo-rifugiato\/#breadcrumb","itemListElement":[{"@type":"ListItem","position":1,"name":"Home","item":"https:\/\/lionsnordestitalia.it\/distretto108ta1\/"},{"@type":"ListItem","position":2,"name":"Al CPP si registra il primo rifugiato"}]},{"@type":"Article","@id":"https:\/\/lionsnordestitalia.it\/distretto108ta1\/al-cpp-si-registra-il-primo-rifugiato\/#article","isPartOf":{"@id":"https:\/\/lionsnordestitalia.it\/distretto108ta1\/al-cpp-si-registra-il-primo-rifugiato\/#webpage"},"author":{"@id":"https:\/\/lionsnordestitalia.it\/distretto108ta1\/#\/schema\/person\/c501fd865a31f4f6f2b23b947ea07a16"},"headline":"Al CPP si registra il primo rifugiato","datePublished":"2018-05-13T16:49:52+00:00","dateModified":"2018-05-13T16:49:52+00:00","mainEntityOfPage":{"@id":"https:\/\/lionsnordestitalia.it\/distretto108ta1\/al-cpp-si-registra-il-primo-rifugiato\/#webpage"},"wordCount":342,"publisher":{"@id":"https:\/\/lionsnordestitalia.it\/distretto108ta1\/#organization"},"image":{"@id":"https:\/\/lionsnordestitalia.it\/distretto108ta1\/al-cpp-si-registra-il-primo-rifugiato\/#primaryimage"},"thumbnailUrl":"https:\/\/static.lionsnordestitalia.it\/2018\/05\/ca518bf183c339c376b4bdc5c275df01-scaled.jpg","inLanguage":"it-IT"},{"@type":"Person","@id":"https:\/\/lionsnordestitalia.it\/distretto108ta1\/#\/schema\/person\/c501fd865a31f4f6f2b23b947ea07a16","name":"Giuliana"}]}},"_links":{"self":[{"href":"https:\/\/lionsnordestitalia.it\/distretto108ta1\/wp-json\/wp\/v2\/posts\/1759"}],"collection":[{"href":"https:\/\/lionsnordestitalia.it\/distretto108ta1\/wp-json\/wp\/v2\/posts"}],"about":[{"href":"https:\/\/lionsnordestitalia.it\/distretto108ta1\/wp-json\/wp\/v2\/types\/post"}],"author":[{"embeddable":true,"href":"https:\/\/lionsnordestitalia.it\/distretto108ta1\/wp-json\/wp\/v2\/users\/32"}],"replies":[{"embeddable":true,"href":"https:\/\/lionsnordestitalia.it\/distretto108ta1\/wp-json\/wp\/v2\/comments?post=1759"}],"version-history":[{"count":0,"href":"https:\/\/lionsnordestitalia.it\/distretto108ta1\/wp-json\/wp\/v2\/posts\/1759\/revisions"}],"wp:featuredmedia":[{"embeddable":true,"href":"https:\/\/lionsnordestitalia.it\/distretto108ta1\/wp-json\/wp\/v2\/media\/1758"}],"wp:attachment":[{"href":"https:\/\/lionsnordestitalia.it\/distretto108ta1\/wp-json\/wp\/v2\/media?parent=1759"}],"wp:term":[{"taxonomy":"category","embeddable":true,"href":"https:\/\/lionsnordestitalia.it\/distretto108ta1\/wp-json\/wp\/v2\/categories?post=1759"},{"taxonomy":"post_tag","embeddable":true,"href":"https:\/\/lionsnordestitalia.it\/distretto108ta1\/wp-json\/wp\/v2\/tags?post=1759"},{"taxonomy":"visibilities","embeddable":true,"href":"https:\/\/lionsnordestitalia.it\/distretto108ta1\/wp-json\/wp\/v2\/visibilities?post=1759"}],"curies":[{"name":"wp","href":"https:\/\/api.w.org\/{rel}","templated":true}]}}