{"id":2288,"date":"2021-05-16T20:10:22","date_gmt":"2021-05-16T18:10:22","guid":{"rendered":"https:\/\/lionsnordestitalia.it\/distretto108ta1\/?p=2288"},"modified":"2021-05-17T21:49:06","modified_gmt":"2021-05-17T19:49:06","slug":"danilo-pavan-gia-governatore-del-disteretto-ta-un-lions-da-non-dimenticare","status":"publish","type":"post","link":"https:\/\/lionsnordestitalia.it\/distretto108ta1\/danilo-pavan-gia-governatore-del-disteretto-ta-un-lions-da-non-dimenticare\/","title":{"rendered":"Danilo Pavan, gi\u00e0 Governatore del Disteretto Ta, un Lions da non dimenticare"},"content":{"rendered":"<p><img decoding=\"async\" src=\"https:\/\/lionsnordestitalia.it\/distretto108ta1\/wp-content\/uploads\/sites\/4\/2021\/05\/danilo-pavan-300x200.jpg\" alt=\"\" width=\"300\" height=\"200\" class=\"alignnone size-medium wp-image-2289\" srcset=\"https:\/\/static.lionsnordestitalia.it\/2021\/05\/danilo-pavan-200x133.jpg 200w, https:\/\/static.lionsnordestitalia.it\/2021\/05\/danilo-pavan-300x200.jpg 300w, https:\/\/static.lionsnordestitalia.it\/2021\/05\/danilo-pavan-400x267.jpg 400w, https:\/\/static.lionsnordestitalia.it\/2021\/05\/danilo-pavan.jpg 600w\" sizes=\"(max-width: 300px) 100vw, 300px\" \/><br \/>\nNel 2007 i Club Lions della citt\u00e0 di Verona istituirono il Premio \u201cWe Serve Danilo Pavan\u201d, a cadenza annuale, da attribuire a persone o ad Associazioni private che dimostravano particolare impegno nell\u2019ambito socio-umanitario e che, pur non essendo iscritte al LCI, rispecchiavano nella loro vita lo spirito dell\u2019etica lionistica.<br \/>\nDa qualche anno, purtroppo, l\u2019assegnazione del premio \u00e8 stata interrotta.<br \/>\nChi era Danilo Pavan?<br \/>\nHo ascoltato tantissime persone che l&#8217;hanno conosciuto e che da lui hanno ricevuto qualcosa di particolare e di profondo. Sono testimonianze cos\u00ec numerose che per raccoglierle non basterebbe un volume.<br \/>\nDanilo Pavan era un architetto ed era un Lions, Socio del Club Verona Host. Nell\u2019 ambito professionale fu stimatissimo e fu un vero leader: per diversi anni fu presidente del Collegio riunito degli ingegneri architetti della provincia; successivamente ricopr\u00ec la carica di consigliere nazionale fino al 1963. Si afferm\u00f2 come uno degli architetti pi\u00f9 rispettosi dell&#8217;ambiente. Oltre che in Italia lavor\u00f2 in Spagna, Zambia, Giappone, Sudafrica, Stati Uniti e progett\u00f2 anche alcuni edifici in Libia, dove impiant\u00f2 una industria di prefabbricati per l&#8217;edilizia nel 1976-77.<br \/>\nNel Lions ricopr\u00ec la carica di Governatore del Distretto Lions Triveneto nel 76-77 e l\u2019anno successivo ricopr\u00ec la carica di Presidente nazionale dei Governatori. Per il Lions nel veronese port\u00f2 avanti tanti progetti e ne diresse i lavori. Tra questi ricordiamo la piscina per disabili al Cerris, il Centro natatorio per disabili a Legnago, il Centro ospedaliero per bambini con la sindrome di Down di Marzana e la Pro Senectute di Palazzo Da Lisca in Piazza Isolo a Verona.<br \/>\nMolti ricordano che partecip\u00f2 alla ricostruzione del Friuli dopo il terremoto del 1976 e dell&#8217;Irpinia nel 1980, e, per l\u2019attivit\u00e0 svolta in Friuli in collaborazione con il commissario Giuseppe Zamberletti, ricevette la cittadinanza onoraria del comune di Zuglio.<br \/>\nFu Officer del Distretto per la scuola cani guida per ciechi di Limbiate Milano e per tale Service attiv\u00f2 tantissime iniziative come quella di far affiggere dei manifesti in tutti i luoghi pubblici, in cui si ribadiva il diritto dei non vedenti di poter entrare con la sua guida secondo la legge 37\/1974. Fu membro dell\u2019Avis e fu anche il fondatore dell&#8217;Aido a Verona.<br \/>\nSappiamo che ebbe moltissime onorificenze, anche se non ne parl\u00f2 mai per la sua nota modestia: fu nominato grande ufficiale della Repubblica e presidente degli Ordini cavallereschi italiani. Nel 2007 fu il primo a ricevere il premio \u201cWE Serve Danilo Pavan\u201d in occasione del cinquantesimo della fondazione del Lions Club Verona Host.<br \/>\nPurtroppo visse l&#8217;ultima parte della sua vita nella povert\u00e0 e nell\u2019oblio. Giancarlo Volpato, in una sua opera pubblicata recentemente dal titolo \u201cProfili Veronesi\u201d ne ricorda la figura dopo aver raccolto alcune notizie da Giuseppe Franco Viviani, amico di Danilo e gi\u00e0 socio Lions nel suo stesso club. Volpato lo definisce \u201cuomo dal carattere dolce, mite, schivo e generoso, gentiluomo nel senso profondo del termine, signore nell&#8217;animo e nel portamento\u201d e questa \u00e8 la stessa impressione che ho ricevuto anche io in una serata Lions in cui l\u2019ho incontrato e durante la quale ho avuto la fortuna di scambiare con lui alcune frasi.<br \/>\nCertamente era anche affascinante per l\u2019intelligenza, per la fantasia, per l\u2019affabilit\u00e0 e la fiducia che dimostrava negli altri. Parlare di lui vuol dire parlare di un Lions speciale, pieno di idee, capace di coinvolgere i Soci Lions, instancabile nella sua missione verso i meno fortunati. Non era certo tra quelli che vogliono cambiare il mondo, ma se ci fossero abbastanza persone come lui, il mondo non avrebbe bisogno di essere cambiato.<br \/>\nil 2 gennaio 2008 se ne and\u00f2 nel silenzio assoluto, e da questo silenzio, che perdura ormai da troppo tempo, deve essere tratto oggi per continuare a darci il suo insegnamento esemplare di Lions e di uomo.<\/p>\n<p><em>Antonio Dezio<\/em><\/p>\n","protected":false},"excerpt":{"rendered":"<p>Nel 2007 i Club Lions della citt\u00e0 di Verona istituirono [&hellip;]<\/p>\n","protected":false},"author":10,"featured_media":2289,"comment_status":"closed","ping_status":"closed","sticky":false,"template":"","format":"standard","meta":[],"categories":[1],"tags":[],"visibilities":[14],"yoast_head":"<!-- This site is optimized with the Yoast SEO plugin v18.4.1 - https:\/\/yoast.com\/wordpress\/plugins\/seo\/ -->\n<title>Danilo Pavan, gi\u00e0 Governatore del Disteretto Ta, un Lions da non dimenticare | Lions Italia Distretto 108Ta1<\/title>\n<meta name=\"robots\" content=\"index, follow, max-snippet:-1, max-image-preview:large, max-video-preview:-1\" \/>\n<link rel=\"canonical\" href=\"https:\/\/lionsnordestitalia.it\/distretto108ta1\/danilo-pavan-gia-governatore-del-disteretto-ta-un-lions-da-non-dimenticare\/\" \/>\n<meta property=\"og:locale\" content=\"it_IT\" \/>\n<meta property=\"og:type\" content=\"article\" \/>\n<meta property=\"og:title\" content=\"Danilo Pavan, gi\u00e0 Governatore del Disteretto Ta, un Lions da non dimenticare | Lions Italia Distretto 108Ta1\" \/>\n<meta property=\"og:description\" content=\"Nel 2007 i Club Lions della citt\u00e0 di Verona istituirono [&hellip;]\" \/>\n<meta property=\"og:url\" content=\"https:\/\/lionsnordestitalia.it\/distretto108ta1\/danilo-pavan-gia-governatore-del-disteretto-ta-un-lions-da-non-dimenticare\/\" \/>\n<meta property=\"og:site_name\" content=\"Lions Italia Distretto 108Ta1\" \/>\n<meta property=\"article:published_time\" content=\"2021-05-16T18:10:22+00:00\" \/>\n<meta property=\"article:modified_time\" content=\"2021-05-17T19:49:06+00:00\" \/>\n<meta property=\"og:image\" content=\"https:\/\/lionsnordestitalia.it\/distretto108ta1\/wp-content\/uploads\/sites\/4\/2021\/05\/danilo-pavan.jpg\" \/>\n\t<meta property=\"og:image:width\" content=\"600\" \/>\n\t<meta property=\"og:image:height\" content=\"400\" \/>\n\t<meta property=\"og:image:type\" content=\"image\/jpeg\" \/>\n<meta name=\"twitter:card\" content=\"summary_large_image\" \/>\n<meta name=\"twitter:label1\" content=\"Scritto da\" \/>\n\t<meta name=\"twitter:data1\" content=\"antoniodezio\" \/>\n\t<meta name=\"twitter:label2\" content=\"Tempo di lettura stimato\" \/>\n\t<meta name=\"twitter:data2\" content=\"3 minuti\" \/>\n<script type=\"application\/ld+json\" class=\"yoast-schema-graph\">{\"@context\":\"https:\/\/schema.org\",\"@graph\":[{\"@type\":\"Organization\",\"@id\":\"https:\/\/lionsnordestitalia.it\/distretto108ta1\/#organization\",\"name\":\"Lions Italia Distretto 108Ta1\",\"url\":\"https:\/\/lionsnordestitalia.it\/distretto108ta1\/\",\"sameAs\":[],\"logo\":{\"@type\":\"ImageObject\",\"@id\":\"https:\/\/lionsnordestitalia.it\/distretto108ta1\/#logo\",\"inLanguage\":\"it-IT\",\"url\":\"https:\/\/static.lionsnordestitalia.it\/2021\/03\/LCI_emblem_2color_web.png\",\"contentUrl\":\"https:\/\/static.lionsnordestitalia.it\/2021\/03\/LCI_emblem_2color_web.png\",\"width\":1296,\"height\":1296,\"caption\":\"Lions Italia Distretto 108Ta1\"},\"image\":{\"@id\":\"https:\/\/lionsnordestitalia.it\/distretto108ta1\/#logo\"}},{\"@type\":\"WebSite\",\"@id\":\"https:\/\/lionsnordestitalia.it\/distretto108ta1\/#website\",\"url\":\"https:\/\/lionsnordestitalia.it\/distretto108ta1\/\",\"name\":\"Lions Italia Distretto 108Ta1\",\"description\":\"\",\"publisher\":{\"@id\":\"https:\/\/lionsnordestitalia.it\/distretto108ta1\/#organization\"},\"potentialAction\":[{\"@type\":\"SearchAction\",\"target\":{\"@type\":\"EntryPoint\",\"urlTemplate\":\"https:\/\/lionsnordestitalia.it\/distretto108ta1\/?s={search_term_string}\"},\"query-input\":\"required name=search_term_string\"}],\"inLanguage\":\"it-IT\"},{\"@type\":\"ImageObject\",\"@id\":\"https:\/\/lionsnordestitalia.it\/distretto108ta1\/danilo-pavan-gia-governatore-del-disteretto-ta-un-lions-da-non-dimenticare\/#primaryimage\",\"inLanguage\":\"it-IT\",\"url\":\"https:\/\/static.lionsnordestitalia.it\/2021\/05\/danilo-pavan.jpg\",\"contentUrl\":\"https:\/\/static.lionsnordestitalia.it\/2021\/05\/danilo-pavan.jpg\",\"width\":600,\"height\":400},{\"@type\":\"WebPage\",\"@id\":\"https:\/\/lionsnordestitalia.it\/distretto108ta1\/danilo-pavan-gia-governatore-del-disteretto-ta-un-lions-da-non-dimenticare\/#webpage\",\"url\":\"https:\/\/lionsnordestitalia.it\/distretto108ta1\/danilo-pavan-gia-governatore-del-disteretto-ta-un-lions-da-non-dimenticare\/\",\"name\":\"Danilo Pavan, gi\u00e0 Governatore del Disteretto Ta, un Lions da non dimenticare | Lions Italia Distretto 108Ta1\",\"isPartOf\":{\"@id\":\"https:\/\/lionsnordestitalia.it\/distretto108ta1\/#website\"},\"primaryImageOfPage\":{\"@id\":\"https:\/\/lionsnordestitalia.it\/distretto108ta1\/danilo-pavan-gia-governatore-del-disteretto-ta-un-lions-da-non-dimenticare\/#primaryimage\"},\"datePublished\":\"2021-05-16T18:10:22+00:00\",\"dateModified\":\"2021-05-17T19:49:06+00:00\",\"breadcrumb\":{\"@id\":\"https:\/\/lionsnordestitalia.it\/distretto108ta1\/danilo-pavan-gia-governatore-del-disteretto-ta-un-lions-da-non-dimenticare\/#breadcrumb\"},\"inLanguage\":\"it-IT\",\"potentialAction\":[{\"@type\":\"ReadAction\",\"target\":[\"https:\/\/lionsnordestitalia.it\/distretto108ta1\/danilo-pavan-gia-governatore-del-disteretto-ta-un-lions-da-non-dimenticare\/\"]}]},{\"@type\":\"BreadcrumbList\",\"@id\":\"https:\/\/lionsnordestitalia.it\/distretto108ta1\/danilo-pavan-gia-governatore-del-disteretto-ta-un-lions-da-non-dimenticare\/#breadcrumb\",\"itemListElement\":[{\"@type\":\"ListItem\",\"position\":1,\"name\":\"Home\",\"item\":\"https:\/\/lionsnordestitalia.it\/distretto108ta1\/\"},{\"@type\":\"ListItem\",\"position\":2,\"name\":\"Danilo Pavan, gi\u00e0 Governatore del Disteretto Ta, un Lions da non dimenticare\"}]},{\"@type\":\"Article\",\"@id\":\"https:\/\/lionsnordestitalia.it\/distretto108ta1\/danilo-pavan-gia-governatore-del-disteretto-ta-un-lions-da-non-dimenticare\/#article\",\"isPartOf\":{\"@id\":\"https:\/\/lionsnordestitalia.it\/distretto108ta1\/danilo-pavan-gia-governatore-del-disteretto-ta-un-lions-da-non-dimenticare\/#webpage\"},\"author\":{\"@id\":\"https:\/\/lionsnordestitalia.it\/distretto108ta1\/#\/schema\/person\/682f906fd174722c29a3d724d3a9fa8d\"},\"headline\":\"Danilo Pavan, gi\u00e0 Governatore del Disteretto Ta, un Lions da non dimenticare\",\"datePublished\":\"2021-05-16T18:10:22+00:00\",\"dateModified\":\"2021-05-17T19:49:06+00:00\",\"mainEntityOfPage\":{\"@id\":\"https:\/\/lionsnordestitalia.it\/distretto108ta1\/danilo-pavan-gia-governatore-del-disteretto-ta-un-lions-da-non-dimenticare\/#webpage\"},\"wordCount\":635,\"publisher\":{\"@id\":\"https:\/\/lionsnordestitalia.it\/distretto108ta1\/#organization\"},\"image\":{\"@id\":\"https:\/\/lionsnordestitalia.it\/distretto108ta1\/danilo-pavan-gia-governatore-del-disteretto-ta-un-lions-da-non-dimenticare\/#primaryimage\"},\"thumbnailUrl\":\"https:\/\/static.lionsnordestitalia.it\/2021\/05\/danilo-pavan.jpg\",\"inLanguage\":\"it-IT\"},{\"@type\":\"Person\",\"@id\":\"https:\/\/lionsnordestitalia.it\/distretto108ta1\/#\/schema\/person\/682f906fd174722c29a3d724d3a9fa8d\",\"name\":\"antoniodezio\"}]}<\/script>\n<!-- \/ Yoast SEO plugin. -->","yoast_head_json":{"title":"Danilo Pavan, gi\u00e0 Governatore del Disteretto Ta, un Lions da non dimenticare | Lions Italia Distretto 108Ta1","robots":{"index":"index","follow":"follow","max-snippet":"max-snippet:-1","max-image-preview":"max-image-preview:large","max-video-preview":"max-video-preview:-1"},"canonical":"https:\/\/lionsnordestitalia.it\/distretto108ta1\/danilo-pavan-gia-governatore-del-disteretto-ta-un-lions-da-non-dimenticare\/","og_locale":"it_IT","og_type":"article","og_title":"Danilo Pavan, gi\u00e0 Governatore del Disteretto Ta, un Lions da non dimenticare | Lions Italia Distretto 108Ta1","og_description":"Nel 2007 i Club Lions della citt\u00e0 di Verona istituirono [&hellip;]","og_url":"https:\/\/lionsnordestitalia.it\/distretto108ta1\/danilo-pavan-gia-governatore-del-disteretto-ta-un-lions-da-non-dimenticare\/","og_site_name":"Lions Italia Distretto 108Ta1","article_published_time":"2021-05-16T18:10:22+00:00","article_modified_time":"2021-05-17T19:49:06+00:00","og_image":[{"width":600,"height":400,"url":"https:\/\/lionsnordestitalia.it\/distretto108ta1\/wp-content\/uploads\/sites\/4\/2021\/05\/danilo-pavan.jpg","type":"image\/jpeg"}],"twitter_card":"summary_large_image","twitter_misc":{"Scritto da":"antoniodezio","Tempo di lettura stimato":"3 minuti"},"schema":{"@context":"https:\/\/schema.org","@graph":[{"@type":"Organization","@id":"https:\/\/lionsnordestitalia.it\/distretto108ta1\/#organization","name":"Lions Italia Distretto 108Ta1","url":"https:\/\/lionsnordestitalia.it\/distretto108ta1\/","sameAs":[],"logo":{"@type":"ImageObject","@id":"https:\/\/lionsnordestitalia.it\/distretto108ta1\/#logo","inLanguage":"it-IT","url":"https:\/\/static.lionsnordestitalia.it\/2021\/03\/LCI_emblem_2color_web.png","contentUrl":"https:\/\/static.lionsnordestitalia.it\/2021\/03\/LCI_emblem_2color_web.png","width":1296,"height":1296,"caption":"Lions Italia Distretto 108Ta1"},"image":{"@id":"https:\/\/lionsnordestitalia.it\/distretto108ta1\/#logo"}},{"@type":"WebSite","@id":"https:\/\/lionsnordestitalia.it\/distretto108ta1\/#website","url":"https:\/\/lionsnordestitalia.it\/distretto108ta1\/","name":"Lions Italia Distretto 108Ta1","description":"","publisher":{"@id":"https:\/\/lionsnordestitalia.it\/distretto108ta1\/#organization"},"potentialAction":[{"@type":"SearchAction","target":{"@type":"EntryPoint","urlTemplate":"https:\/\/lionsnordestitalia.it\/distretto108ta1\/?s={search_term_string}"},"query-input":"required name=search_term_string"}],"inLanguage":"it-IT"},{"@type":"ImageObject","@id":"https:\/\/lionsnordestitalia.it\/distretto108ta1\/danilo-pavan-gia-governatore-del-disteretto-ta-un-lions-da-non-dimenticare\/#primaryimage","inLanguage":"it-IT","url":"https:\/\/static.lionsnordestitalia.it\/2021\/05\/danilo-pavan.jpg","contentUrl":"https:\/\/static.lionsnordestitalia.it\/2021\/05\/danilo-pavan.jpg","width":600,"height":400},{"@type":"WebPage","@id":"https:\/\/lionsnordestitalia.it\/distretto108ta1\/danilo-pavan-gia-governatore-del-disteretto-ta-un-lions-da-non-dimenticare\/#webpage","url":"https:\/\/lionsnordestitalia.it\/distretto108ta1\/danilo-pavan-gia-governatore-del-disteretto-ta-un-lions-da-non-dimenticare\/","name":"Danilo Pavan, gi\u00e0 Governatore del Disteretto Ta, un Lions da non dimenticare | Lions Italia Distretto 108Ta1","isPartOf":{"@id":"https:\/\/lionsnordestitalia.it\/distretto108ta1\/#website"},"primaryImageOfPage":{"@id":"https:\/\/lionsnordestitalia.it\/distretto108ta1\/danilo-pavan-gia-governatore-del-disteretto-ta-un-lions-da-non-dimenticare\/#primaryimage"},"datePublished":"2021-05-16T18:10:22+00:00","dateModified":"2021-05-17T19:49:06+00:00","breadcrumb":{"@id":"https:\/\/lionsnordestitalia.it\/distretto108ta1\/danilo-pavan-gia-governatore-del-disteretto-ta-un-lions-da-non-dimenticare\/#breadcrumb"},"inLanguage":"it-IT","potentialAction":[{"@type":"ReadAction","target":["https:\/\/lionsnordestitalia.it\/distretto108ta1\/danilo-pavan-gia-governatore-del-disteretto-ta-un-lions-da-non-dimenticare\/"]}]},{"@type":"BreadcrumbList","@id":"https:\/\/lionsnordestitalia.it\/distretto108ta1\/danilo-pavan-gia-governatore-del-disteretto-ta-un-lions-da-non-dimenticare\/#breadcrumb","itemListElement":[{"@type":"ListItem","position":1,"name":"Home","item":"https:\/\/lionsnordestitalia.it\/distretto108ta1\/"},{"@type":"ListItem","position":2,"name":"Danilo Pavan, gi\u00e0 Governatore del Disteretto Ta, un Lions da non dimenticare"}]},{"@type":"Article","@id":"https:\/\/lionsnordestitalia.it\/distretto108ta1\/danilo-pavan-gia-governatore-del-disteretto-ta-un-lions-da-non-dimenticare\/#article","isPartOf":{"@id":"https:\/\/lionsnordestitalia.it\/distretto108ta1\/danilo-pavan-gia-governatore-del-disteretto-ta-un-lions-da-non-dimenticare\/#webpage"},"author":{"@id":"https:\/\/lionsnordestitalia.it\/distretto108ta1\/#\/schema\/person\/682f906fd174722c29a3d724d3a9fa8d"},"headline":"Danilo Pavan, gi\u00e0 Governatore del Disteretto Ta, un Lions da non dimenticare","datePublished":"2021-05-16T18:10:22+00:00","dateModified":"2021-05-17T19:49:06+00:00","mainEntityOfPage":{"@id":"https:\/\/lionsnordestitalia.it\/distretto108ta1\/danilo-pavan-gia-governatore-del-disteretto-ta-un-lions-da-non-dimenticare\/#webpage"},"wordCount":635,"publisher":{"@id":"https:\/\/lionsnordestitalia.it\/distretto108ta1\/#organization"},"image":{"@id":"https:\/\/lionsnordestitalia.it\/distretto108ta1\/danilo-pavan-gia-governatore-del-disteretto-ta-un-lions-da-non-dimenticare\/#primaryimage"},"thumbnailUrl":"https:\/\/static.lionsnordestitalia.it\/2021\/05\/danilo-pavan.jpg","inLanguage":"it-IT"},{"@type":"Person","@id":"https:\/\/lionsnordestitalia.it\/distretto108ta1\/#\/schema\/person\/682f906fd174722c29a3d724d3a9fa8d","name":"antoniodezio"}]}},"_links":{"self":[{"href":"https:\/\/lionsnordestitalia.it\/distretto108ta1\/wp-json\/wp\/v2\/posts\/2288"}],"collection":[{"href":"https:\/\/lionsnordestitalia.it\/distretto108ta1\/wp-json\/wp\/v2\/posts"}],"about":[{"href":"https:\/\/lionsnordestitalia.it\/distretto108ta1\/wp-json\/wp\/v2\/types\/post"}],"author":[{"embeddable":true,"href":"https:\/\/lionsnordestitalia.it\/distretto108ta1\/wp-json\/wp\/v2\/users\/10"}],"replies":[{"embeddable":true,"href":"https:\/\/lionsnordestitalia.it\/distretto108ta1\/wp-json\/wp\/v2\/comments?post=2288"}],"version-history":[{"count":1,"href":"https:\/\/lionsnordestitalia.it\/distretto108ta1\/wp-json\/wp\/v2\/posts\/2288\/revisions"}],"predecessor-version":[{"id":2290,"href":"https:\/\/lionsnordestitalia.it\/distretto108ta1\/wp-json\/wp\/v2\/posts\/2288\/revisions\/2290"}],"wp:featuredmedia":[{"embeddable":true,"href":"https:\/\/lionsnordestitalia.it\/distretto108ta1\/wp-json\/wp\/v2\/media\/2289"}],"wp:attachment":[{"href":"https:\/\/lionsnordestitalia.it\/distretto108ta1\/wp-json\/wp\/v2\/media?parent=2288"}],"wp:term":[{"taxonomy":"category","embeddable":true,"href":"https:\/\/lionsnordestitalia.it\/distretto108ta1\/wp-json\/wp\/v2\/categories?post=2288"},{"taxonomy":"post_tag","embeddable":true,"href":"https:\/\/lionsnordestitalia.it\/distretto108ta1\/wp-json\/wp\/v2\/tags?post=2288"},{"taxonomy":"visibilities","embeddable":true,"href":"https:\/\/lionsnordestitalia.it\/distretto108ta1\/wp-json\/wp\/v2\/visibilities?post=2288"}],"curies":[{"name":"wp","href":"https:\/\/api.w.org\/{rel}","templated":true}]}}