{"id":3989,"date":"2022-09-07T22:12:08","date_gmt":"2022-09-07T20:12:08","guid":{"rendered":"https:\/\/lionsnordestitalia.it\/distretto108ta1\/?p=3989"},"modified":"2022-09-07T22:15:35","modified_gmt":"2022-09-07T20:15:35","slug":"incontro-tra-lions-triestini-e-veronesi","status":"publish","type":"post","link":"https:\/\/lionsnordestitalia.it\/distretto108ta1\/incontro-tra-lions-triestini-e-veronesi\/","title":{"rendered":"Costruttivo incontro tra Lions Triestini e Veronesi"},"content":{"rendered":"<p><img decoding=\"async\" class=\"alignnone wp-image-3990\" src=\"https:\/\/lionsnordestitalia.it\/distretto108ta1\/wp-content\/uploads\/sites\/4\/2022\/09\/22-09-incontro-ts-vr2-300x284.jpg\" alt=\"\" width=\"226\" height=\"214\" srcset=\"https:\/\/static.lionsnordestitalia.it\/2022\/09\/22-09-incontro-ts-vr2-200x189.jpg 200w, https:\/\/static.lionsnordestitalia.it\/2022\/09\/22-09-incontro-ts-vr2-300x284.jpg 300w, https:\/\/static.lionsnordestitalia.it\/2022\/09\/22-09-incontro-ts-vr2-400x379.jpg 400w, https:\/\/static.lionsnordestitalia.it\/2022\/09\/22-09-incontro-ts-vr2.jpg 566w\" sizes=\"(max-width: 226px) 100vw, 226px\" \/><\/p>\n<p>Il 4 settembre scorso, in una splendida giornata di sole, nella stupenda cornice di Piazza Erbe, il Lions Club Verona Cangrande si \u00e8 incontrato con i rappresentati di due Club di Trieste: Trieste Miramar e Trieste Europa.<\/p>\n<p>Per il Trieste Miramar erano presenti i consiglieri Patrizia Giordano, Tiziana Tagliaferri e Alessio Colautti; per il Club Trieste Europa erano presenti la Presidente Maria Cavalagli ed il Socio Silvio Orel.<br \/>\nA rappresentare il Club di Verona il Presidente Luca Chiavegatti e i Soci Antonio Dezio e Maurizio Manzini.<\/p>\n<p><img decoding=\"async\" class=\" wp-image-3991 alignright\" src=\"https:\/\/lionsnordestitalia.it\/distretto108ta1\/wp-content\/uploads\/sites\/4\/2022\/09\/22-09-incontro-ts-vr-300x200.jpg\" alt=\"\" width=\"263\" height=\"175\" srcset=\"https:\/\/static.lionsnordestitalia.it\/2022\/09\/22-09-incontro-ts-vr-200x133.jpg 200w, https:\/\/static.lionsnordestitalia.it\/2022\/09\/22-09-incontro-ts-vr-300x200.jpg 300w, https:\/\/static.lionsnordestitalia.it\/2022\/09\/22-09-incontro-ts-vr-400x267.jpg 400w, https:\/\/static.lionsnordestitalia.it\/2022\/09\/22-09-incontro-ts-vr.jpg 600w\" sizes=\"(max-width: 263px) 100vw, 263px\" \/><\/p>\n<p>L\u2019incontro di circa un&#8217;ora ha avuto l\u2019obbiettivo di condividere idee e di instaurare rapporti di amicizia nonch\u00e9 di ribadire l\u2019impegno comune di fare rete e guardare a un futuro di collaborazione.<\/p>\n<p>E\u2019 stato un incontro particolarmente cordiale tra persone unite da un vincolo di amicizia sancito dall\u2019appartenenza a una realt\u00e0 che ha obbiettivi comuni di solidariet\u00e0 e di supporto verso i pi\u00f9 deboli e pi\u00f9 fragili della societ\u00e0.<\/p>\n","protected":false},"excerpt":{"rendered":"<p>Il 4 settembre scorso, in una splendida giornata di sole, [&hellip;]<\/p>\n","protected":false},"author":9,"featured_media":3991,"comment_status":"closed","ping_status":"closed","sticky":false,"template":"","format":"standard","meta":[],"categories":[1],"tags":[],"visibilities":[14],"yoast_head":"<!-- This site is optimized with the Yoast SEO plugin v18.4.1 - https:\/\/yoast.com\/wordpress\/plugins\/seo\/ -->\n<title>Costruttivo incontro tra Lions Triestini e Veronesi | Lions Italia Distretto 108Ta1<\/title>\n<meta name=\"robots\" content=\"index, follow, max-snippet:-1, max-image-preview:large, max-video-preview:-1\" \/>\n<link rel=\"canonical\" href=\"https:\/\/lionsnordestitalia.it\/distretto108ta1\/incontro-tra-lions-triestini-e-veronesi\/\" \/>\n<meta property=\"og:locale\" content=\"it_IT\" \/>\n<meta property=\"og:type\" content=\"article\" \/>\n<meta property=\"og:title\" content=\"Costruttivo incontro tra Lions Triestini e Veronesi | Lions Italia Distretto 108Ta1\" \/>\n<meta property=\"og:description\" content=\"Il 4 settembre scorso, in una splendida giornata di sole, [&hellip;]\" \/>\n<meta property=\"og:url\" content=\"https:\/\/lionsnordestitalia.it\/distretto108ta1\/incontro-tra-lions-triestini-e-veronesi\/\" \/>\n<meta property=\"og:site_name\" content=\"Lions Italia Distretto 108Ta1\" \/>\n<meta property=\"article:published_time\" content=\"2022-09-07T20:12:08+00:00\" \/>\n<meta property=\"article:modified_time\" content=\"2022-09-07T20:15:35+00:00\" \/>\n<meta property=\"og:image\" content=\"https:\/\/lionsnordestitalia.it\/distretto108ta1\/wp-content\/uploads\/sites\/4\/2022\/09\/22-09-incontro-ts-vr.jpg\" \/>\n\t<meta property=\"og:image:width\" content=\"600\" \/>\n\t<meta property=\"og:image:height\" content=\"400\" \/>\n\t<meta property=\"og:image:type\" content=\"image\/jpeg\" \/>\n<meta name=\"twitter:card\" content=\"summary_large_image\" \/>\n<meta name=\"twitter:label1\" content=\"Scritto da\" \/>\n\t<meta name=\"twitter:data1\" content=\"Franco De Toffol\" \/>\n\t<meta name=\"twitter:label2\" content=\"Tempo di lettura stimato\" \/>\n\t<meta name=\"twitter:data2\" content=\"2 minuti\" \/>\n<script type=\"application\/ld+json\" class=\"yoast-schema-graph\">{\"@context\":\"https:\/\/schema.org\",\"@graph\":[{\"@type\":\"Organization\",\"@id\":\"https:\/\/lionsnordestitalia.it\/distretto108ta1\/#organization\",\"name\":\"Lions Italia Distretto 108Ta1\",\"url\":\"https:\/\/lionsnordestitalia.it\/distretto108ta1\/\",\"sameAs\":[],\"logo\":{\"@type\":\"ImageObject\",\"@id\":\"https:\/\/lionsnordestitalia.it\/distretto108ta1\/#logo\",\"inLanguage\":\"it-IT\",\"url\":\"https:\/\/static.lionsnordestitalia.it\/2021\/03\/LCI_emblem_2color_web.png\",\"contentUrl\":\"https:\/\/static.lionsnordestitalia.it\/2021\/03\/LCI_emblem_2color_web.png\",\"width\":1296,\"height\":1296,\"caption\":\"Lions Italia Distretto 108Ta1\"},\"image\":{\"@id\":\"https:\/\/lionsnordestitalia.it\/distretto108ta1\/#logo\"}},{\"@type\":\"WebSite\",\"@id\":\"https:\/\/lionsnordestitalia.it\/distretto108ta1\/#website\",\"url\":\"https:\/\/lionsnordestitalia.it\/distretto108ta1\/\",\"name\":\"Lions Italia Distretto 108Ta1\",\"description\":\"\",\"publisher\":{\"@id\":\"https:\/\/lionsnordestitalia.it\/distretto108ta1\/#organization\"},\"potentialAction\":[{\"@type\":\"SearchAction\",\"target\":{\"@type\":\"EntryPoint\",\"urlTemplate\":\"https:\/\/lionsnordestitalia.it\/distretto108ta1\/?s={search_term_string}\"},\"query-input\":\"required name=search_term_string\"}],\"inLanguage\":\"it-IT\"},{\"@type\":\"ImageObject\",\"@id\":\"https:\/\/lionsnordestitalia.it\/distretto108ta1\/incontro-tra-lions-triestini-e-veronesi\/#primaryimage\",\"inLanguage\":\"it-IT\",\"url\":\"https:\/\/static.lionsnordestitalia.it\/2022\/09\/22-09-incontro-ts-vr.jpg\",\"contentUrl\":\"https:\/\/static.lionsnordestitalia.it\/2022\/09\/22-09-incontro-ts-vr.jpg\",\"width\":600,\"height\":400},{\"@type\":\"WebPage\",\"@id\":\"https:\/\/lionsnordestitalia.it\/distretto108ta1\/incontro-tra-lions-triestini-e-veronesi\/#webpage\",\"url\":\"https:\/\/lionsnordestitalia.it\/distretto108ta1\/incontro-tra-lions-triestini-e-veronesi\/\",\"name\":\"Costruttivo incontro tra Lions Triestini e Veronesi | Lions Italia Distretto 108Ta1\",\"isPartOf\":{\"@id\":\"https:\/\/lionsnordestitalia.it\/distretto108ta1\/#website\"},\"primaryImageOfPage\":{\"@id\":\"https:\/\/lionsnordestitalia.it\/distretto108ta1\/incontro-tra-lions-triestini-e-veronesi\/#primaryimage\"},\"datePublished\":\"2022-09-07T20:12:08+00:00\",\"dateModified\":\"2022-09-07T20:15:35+00:00\",\"breadcrumb\":{\"@id\":\"https:\/\/lionsnordestitalia.it\/distretto108ta1\/incontro-tra-lions-triestini-e-veronesi\/#breadcrumb\"},\"inLanguage\":\"it-IT\",\"potentialAction\":[{\"@type\":\"ReadAction\",\"target\":[\"https:\/\/lionsnordestitalia.it\/distretto108ta1\/incontro-tra-lions-triestini-e-veronesi\/\"]}]},{\"@type\":\"BreadcrumbList\",\"@id\":\"https:\/\/lionsnordestitalia.it\/distretto108ta1\/incontro-tra-lions-triestini-e-veronesi\/#breadcrumb\",\"itemListElement\":[{\"@type\":\"ListItem\",\"position\":1,\"name\":\"Home\",\"item\":\"https:\/\/lionsnordestitalia.it\/distretto108ta1\/\"},{\"@type\":\"ListItem\",\"position\":2,\"name\":\"Costruttivo incontro tra Lions Triestini e Veronesi\"}]},{\"@type\":\"Article\",\"@id\":\"https:\/\/lionsnordestitalia.it\/distretto108ta1\/incontro-tra-lions-triestini-e-veronesi\/#article\",\"isPartOf\":{\"@id\":\"https:\/\/lionsnordestitalia.it\/distretto108ta1\/incontro-tra-lions-triestini-e-veronesi\/#webpage\"},\"author\":{\"@id\":\"https:\/\/lionsnordestitalia.it\/distretto108ta1\/#\/schema\/person\/515e45c4bbe4396145c9a2e13b277251\"},\"headline\":\"Costruttivo incontro tra Lions Triestini e Veronesi\",\"datePublished\":\"2022-09-07T20:12:08+00:00\",\"dateModified\":\"2022-09-07T20:15:35+00:00\",\"mainEntityOfPage\":{\"@id\":\"https:\/\/lionsnordestitalia.it\/distretto108ta1\/incontro-tra-lions-triestini-e-veronesi\/#webpage\"},\"wordCount\":163,\"publisher\":{\"@id\":\"https:\/\/lionsnordestitalia.it\/distretto108ta1\/#organization\"},\"image\":{\"@id\":\"https:\/\/lionsnordestitalia.it\/distretto108ta1\/incontro-tra-lions-triestini-e-veronesi\/#primaryimage\"},\"thumbnailUrl\":\"https:\/\/static.lionsnordestitalia.it\/2022\/09\/22-09-incontro-ts-vr.jpg\",\"inLanguage\":\"it-IT\"},{\"@type\":\"Person\",\"@id\":\"https:\/\/lionsnordestitalia.it\/distretto108ta1\/#\/schema\/person\/515e45c4bbe4396145c9a2e13b277251\",\"name\":\"Franco De Toffol\"}]}<\/script>\n<!-- \/ Yoast SEO plugin. -->","yoast_head_json":{"title":"Costruttivo incontro tra Lions Triestini e Veronesi | Lions Italia Distretto 108Ta1","robots":{"index":"index","follow":"follow","max-snippet":"max-snippet:-1","max-image-preview":"max-image-preview:large","max-video-preview":"max-video-preview:-1"},"canonical":"https:\/\/lionsnordestitalia.it\/distretto108ta1\/incontro-tra-lions-triestini-e-veronesi\/","og_locale":"it_IT","og_type":"article","og_title":"Costruttivo incontro tra Lions Triestini e Veronesi | Lions Italia Distretto 108Ta1","og_description":"Il 4 settembre scorso, in una splendida giornata di sole, [&hellip;]","og_url":"https:\/\/lionsnordestitalia.it\/distretto108ta1\/incontro-tra-lions-triestini-e-veronesi\/","og_site_name":"Lions Italia Distretto 108Ta1","article_published_time":"2022-09-07T20:12:08+00:00","article_modified_time":"2022-09-07T20:15:35+00:00","og_image":[{"width":600,"height":400,"url":"https:\/\/lionsnordestitalia.it\/distretto108ta1\/wp-content\/uploads\/sites\/4\/2022\/09\/22-09-incontro-ts-vr.jpg","type":"image\/jpeg"}],"twitter_card":"summary_large_image","twitter_misc":{"Scritto da":"Franco De Toffol","Tempo di lettura stimato":"2 minuti"},"schema":{"@context":"https:\/\/schema.org","@graph":[{"@type":"Organization","@id":"https:\/\/lionsnordestitalia.it\/distretto108ta1\/#organization","name":"Lions Italia Distretto 108Ta1","url":"https:\/\/lionsnordestitalia.it\/distretto108ta1\/","sameAs":[],"logo":{"@type":"ImageObject","@id":"https:\/\/lionsnordestitalia.it\/distretto108ta1\/#logo","inLanguage":"it-IT","url":"https:\/\/static.lionsnordestitalia.it\/2021\/03\/LCI_emblem_2color_web.png","contentUrl":"https:\/\/static.lionsnordestitalia.it\/2021\/03\/LCI_emblem_2color_web.png","width":1296,"height":1296,"caption":"Lions Italia Distretto 108Ta1"},"image":{"@id":"https:\/\/lionsnordestitalia.it\/distretto108ta1\/#logo"}},{"@type":"WebSite","@id":"https:\/\/lionsnordestitalia.it\/distretto108ta1\/#website","url":"https:\/\/lionsnordestitalia.it\/distretto108ta1\/","name":"Lions Italia Distretto 108Ta1","description":"","publisher":{"@id":"https:\/\/lionsnordestitalia.it\/distretto108ta1\/#organization"},"potentialAction":[{"@type":"SearchAction","target":{"@type":"EntryPoint","urlTemplate":"https:\/\/lionsnordestitalia.it\/distretto108ta1\/?s={search_term_string}"},"query-input":"required name=search_term_string"}],"inLanguage":"it-IT"},{"@type":"ImageObject","@id":"https:\/\/lionsnordestitalia.it\/distretto108ta1\/incontro-tra-lions-triestini-e-veronesi\/#primaryimage","inLanguage":"it-IT","url":"https:\/\/static.lionsnordestitalia.it\/2022\/09\/22-09-incontro-ts-vr.jpg","contentUrl":"https:\/\/static.lionsnordestitalia.it\/2022\/09\/22-09-incontro-ts-vr.jpg","width":600,"height":400},{"@type":"WebPage","@id":"https:\/\/lionsnordestitalia.it\/distretto108ta1\/incontro-tra-lions-triestini-e-veronesi\/#webpage","url":"https:\/\/lionsnordestitalia.it\/distretto108ta1\/incontro-tra-lions-triestini-e-veronesi\/","name":"Costruttivo incontro tra Lions Triestini e Veronesi | Lions Italia Distretto 108Ta1","isPartOf":{"@id":"https:\/\/lionsnordestitalia.it\/distretto108ta1\/#website"},"primaryImageOfPage":{"@id":"https:\/\/lionsnordestitalia.it\/distretto108ta1\/incontro-tra-lions-triestini-e-veronesi\/#primaryimage"},"datePublished":"2022-09-07T20:12:08+00:00","dateModified":"2022-09-07T20:15:35+00:00","breadcrumb":{"@id":"https:\/\/lionsnordestitalia.it\/distretto108ta1\/incontro-tra-lions-triestini-e-veronesi\/#breadcrumb"},"inLanguage":"it-IT","potentialAction":[{"@type":"ReadAction","target":["https:\/\/lionsnordestitalia.it\/distretto108ta1\/incontro-tra-lions-triestini-e-veronesi\/"]}]},{"@type":"BreadcrumbList","@id":"https:\/\/lionsnordestitalia.it\/distretto108ta1\/incontro-tra-lions-triestini-e-veronesi\/#breadcrumb","itemListElement":[{"@type":"ListItem","position":1,"name":"Home","item":"https:\/\/lionsnordestitalia.it\/distretto108ta1\/"},{"@type":"ListItem","position":2,"name":"Costruttivo incontro tra Lions Triestini e Veronesi"}]},{"@type":"Article","@id":"https:\/\/lionsnordestitalia.it\/distretto108ta1\/incontro-tra-lions-triestini-e-veronesi\/#article","isPartOf":{"@id":"https:\/\/lionsnordestitalia.it\/distretto108ta1\/incontro-tra-lions-triestini-e-veronesi\/#webpage"},"author":{"@id":"https:\/\/lionsnordestitalia.it\/distretto108ta1\/#\/schema\/person\/515e45c4bbe4396145c9a2e13b277251"},"headline":"Costruttivo incontro tra Lions Triestini e Veronesi","datePublished":"2022-09-07T20:12:08+00:00","dateModified":"2022-09-07T20:15:35+00:00","mainEntityOfPage":{"@id":"https:\/\/lionsnordestitalia.it\/distretto108ta1\/incontro-tra-lions-triestini-e-veronesi\/#webpage"},"wordCount":163,"publisher":{"@id":"https:\/\/lionsnordestitalia.it\/distretto108ta1\/#organization"},"image":{"@id":"https:\/\/lionsnordestitalia.it\/distretto108ta1\/incontro-tra-lions-triestini-e-veronesi\/#primaryimage"},"thumbnailUrl":"https:\/\/static.lionsnordestitalia.it\/2022\/09\/22-09-incontro-ts-vr.jpg","inLanguage":"it-IT"},{"@type":"Person","@id":"https:\/\/lionsnordestitalia.it\/distretto108ta1\/#\/schema\/person\/515e45c4bbe4396145c9a2e13b277251","name":"Franco De Toffol"}]}},"_links":{"self":[{"href":"https:\/\/lionsnordestitalia.it\/distretto108ta1\/wp-json\/wp\/v2\/posts\/3989"}],"collection":[{"href":"https:\/\/lionsnordestitalia.it\/distretto108ta1\/wp-json\/wp\/v2\/posts"}],"about":[{"href":"https:\/\/lionsnordestitalia.it\/distretto108ta1\/wp-json\/wp\/v2\/types\/post"}],"author":[{"embeddable":true,"href":"https:\/\/lionsnordestitalia.it\/distretto108ta1\/wp-json\/wp\/v2\/users\/9"}],"replies":[{"embeddable":true,"href":"https:\/\/lionsnordestitalia.it\/distretto108ta1\/wp-json\/wp\/v2\/comments?post=3989"}],"version-history":[{"count":2,"href":"https:\/\/lionsnordestitalia.it\/distretto108ta1\/wp-json\/wp\/v2\/posts\/3989\/revisions"}],"predecessor-version":[{"id":3993,"href":"https:\/\/lionsnordestitalia.it\/distretto108ta1\/wp-json\/wp\/v2\/posts\/3989\/revisions\/3993"}],"wp:featuredmedia":[{"embeddable":true,"href":"https:\/\/lionsnordestitalia.it\/distretto108ta1\/wp-json\/wp\/v2\/media\/3991"}],"wp:attachment":[{"href":"https:\/\/lionsnordestitalia.it\/distretto108ta1\/wp-json\/wp\/v2\/media?parent=3989"}],"wp:term":[{"taxonomy":"category","embeddable":true,"href":"https:\/\/lionsnordestitalia.it\/distretto108ta1\/wp-json\/wp\/v2\/categories?post=3989"},{"taxonomy":"post_tag","embeddable":true,"href":"https:\/\/lionsnordestitalia.it\/distretto108ta1\/wp-json\/wp\/v2\/tags?post=3989"},{"taxonomy":"visibilities","embeddable":true,"href":"https:\/\/lionsnordestitalia.it\/distretto108ta1\/wp-json\/wp\/v2\/visibilities?post=3989"}],"curies":[{"name":"wp","href":"https:\/\/api.w.org\/{rel}","templated":true}]}}