{"id":4560,"date":"2023-01-24T23:34:02","date_gmt":"2023-01-24T22:34:02","guid":{"rendered":"https:\/\/lionsnordestitalia.it\/distretto108ta1\/?p=4560"},"modified":"2023-01-24T23:34:02","modified_gmt":"2023-01-24T22:34:02","slug":"cultura-dellautonomia-serata-organizzata-dal-lions-club-rovereto-depero","status":"publish","type":"post","link":"https:\/\/lionsnordestitalia.it\/distretto108ta1\/cultura-dellautonomia-serata-organizzata-dal-lions-club-rovereto-depero\/","title":{"rendered":"Cultura dell\u2019Autonomia &#8211; serata organizzata dal Lions Club Rovereto Depero"},"content":{"rendered":"<p><img decoding=\"async\" class=\"alignnone size-medium wp-image-4562\" src=\"https:\/\/lionsnordestitalia.it\/distretto108ta1\/wp-content\/uploads\/sites\/4\/2023\/01\/23-01-depero-300x201.jpg\" alt=\"\" width=\"300\" height=\"201\" srcset=\"https:\/\/static.lionsnordestitalia.it\/2023\/01\/23-01-depero-200x134.jpg 200w, https:\/\/static.lionsnordestitalia.it\/2023\/01\/23-01-depero-300x201.jpg 300w, https:\/\/static.lionsnordestitalia.it\/2023\/01\/23-01-depero-400x267.jpg 400w, https:\/\/static.lionsnordestitalia.it\/2023\/01\/23-01-depero.jpg 600w\" sizes=\"(max-width: 300px) 100vw, 300px\" \/><\/p>\n<p class=\"Standard\" style=\"text-align: justify\"><span style=\"color: black\">Il Lions Club Rovereto Fortunato Depero ha recentemente organizzato una serata speciale dedicata alla \u201cCultura dell\u2019Autonomia\u201d, alla presenza di numerosi Soci, familiari e amici.<\/span><\/p>\n<p class=\"Standard\" style=\"text-align: justify\"><span style=\"color: black\">Ospite di prestigio del Club roveretano la stimatissima filosofa Elisa Bert\u00f2.<\/span><\/p>\n<p class=\"Standard\" style=\"text-align: justify\"><span style=\"color: black\">La dott.ssa Elisa Bert\u00f2 lavora come Project Manager presso GECT\/Euregio Tirolo-Alto Adige-Trentino ed \u00e8 ricercatrice ospite presso il Dipartimento di Sociologia e Ricerca Sociale dell&#8217;Universit\u00e0 di Trento. Ha conseguito il Dottorato di ricerca in Filosofia politica presso l&#8217;Universit\u00e0 di Pisa. Il suo campo di ricerca \u00e8 il decentramento territoriale del potere politico e riguarda in particolare lo sviluppo storico dei sistemi di autonomie territoriali all&#8217;interno dello Stato moderno.<\/span><\/p>\n<p class=\"Standard\" style=\"text-align: justify\"><span style=\"color: black\">Dall\u2019alto della sua grande esperienza, ha condotto i presenti attraverso un viaggio interessantissimo, in cui ha affrontato il tema dell\u2019Autonomia territoriale da diversi punti, soffermandosi su numerosi aspetti e sul ruolo che quest\u2019ultima ha e che potrebbe avere nel riconfigurare le forme di coesione e di legame sociale con territorio in cui si sviluppa.<\/span><\/p>\n<p class=\"Standard\" style=\"text-align: justify\"><span style=\"color: black\">Si \u00e8 parlato dell\u2019origine dell\u2019Autonomia, ma anche delle sue diverse definizioni, dei numerosi sviluppi e modelli presenti oggi nel mondo, proponendo una visione anche estesa, che va al di fuori della nostra Regione Trentino \u2013 Alto Adige Sudtirol e del nostro Stato italiano.<\/span><\/p>\n<p class=\"Standard\" style=\"text-align: justify\"><span style=\"color: black\">Per la dott.ssa Bert\u00f2 l\u2019Autonomia si compone di pratiche, \u00e8 di fatto un cantiere in continua costruzione, non rappresenta qualcosa di fermo e monolitico che si eredita cos\u00ec com\u2019\u00e8, ma \u00e8 un lungo percorso che si riempie di significato a seconda delle generazioni e delle sfide imposte dal presente. Ecco perch\u00e9 essere un territorio autonomo non implica necessariamente il dover sentirsi diversi, ma piuttosto rappresenta per tutti un\u2019opportunit\u00e0 per viverlo in maniera differente.<\/span><\/p>\n<p class=\"Standard\" style=\"text-align: justify\"><span style=\"color: black\">La serata si \u00e8 prolungata fino a tarda ora e ha raccolto l\u2019interesse e l\u2019entusiasmo di tutti i partecipanti, che hanno posto numerose domande e hanno richiesto molteplici approfondimenti. La capacit\u00e0 della dott.ssa Bert\u00f2 di trasmettere la sua passione nel trattare questo tema \u00e8 stata colta da tutti i presenti che ne hanno altres\u00ec apprezzato la semplicit\u00e0 con la quale sono stati esposti argomenti anche complessi e articolati.<\/span><\/p>\n<p class=\"Standard\" style=\"text-align: justify\"><span style=\"color: black\">La serata ha rappresentato il primo passo verso future collaborazioni e iniziative che il Lions Club Fortunato Depero auspica di portare avanti durante questo anno sociale attraverso la collaborazione della dott.ssa Bert\u00f2 e il coinvolgimento delle scuole e della cittadinanza.<\/span><\/p>\n<p><em>Paolo Farinati<\/em><\/p>\n","protected":false},"excerpt":{"rendered":"<p>Il Lions Club Rovereto Fortunato Depero ha recentemente organizzato una [&hellip;]<\/p>\n","protected":false},"author":9,"featured_media":4562,"comment_status":"closed","ping_status":"closed","sticky":false,"template":"","format":"standard","meta":[],"categories":[49,64,1],"tags":[],"visibilities":[14],"yoast_head":"<!-- This site is optimized with the Yoast SEO plugin v18.4.1 - https:\/\/yoast.com\/wordpress\/plugins\/seo\/ -->\n<title>Cultura dell\u2019Autonomia - serata organizzata dal Lions Club Rovereto Depero | Lions Italia Distretto 108Ta1<\/title>\n<meta name=\"robots\" content=\"index, follow, max-snippet:-1, max-image-preview:large, max-video-preview:-1\" \/>\n<link rel=\"canonical\" href=\"https:\/\/lionsnordestitalia.it\/distretto108ta1\/cultura-dellautonomia-serata-organizzata-dal-lions-club-rovereto-depero\/\" \/>\n<meta property=\"og:locale\" content=\"it_IT\" \/>\n<meta property=\"og:type\" content=\"article\" \/>\n<meta property=\"og:title\" content=\"Cultura dell\u2019Autonomia - serata organizzata dal Lions Club Rovereto Depero | Lions Italia Distretto 108Ta1\" \/>\n<meta property=\"og:description\" content=\"Il Lions Club Rovereto Fortunato Depero ha recentemente organizzato una [&hellip;]\" \/>\n<meta property=\"og:url\" content=\"https:\/\/lionsnordestitalia.it\/distretto108ta1\/cultura-dellautonomia-serata-organizzata-dal-lions-club-rovereto-depero\/\" \/>\n<meta property=\"og:site_name\" content=\"Lions Italia Distretto 108Ta1\" \/>\n<meta property=\"article:published_time\" content=\"2023-01-24T22:34:02+00:00\" \/>\n<meta property=\"og:image\" content=\"https:\/\/lionsnordestitalia.it\/distretto108ta1\/wp-content\/uploads\/sites\/4\/2023\/01\/23-01-depero.jpg\" \/>\n\t<meta property=\"og:image:width\" content=\"600\" \/>\n\t<meta property=\"og:image:height\" content=\"401\" \/>\n\t<meta property=\"og:image:type\" content=\"image\/jpeg\" \/>\n<meta name=\"twitter:card\" content=\"summary_large_image\" \/>\n<meta name=\"twitter:label1\" content=\"Scritto da\" \/>\n\t<meta name=\"twitter:data1\" content=\"Franco De Toffol\" \/>\n\t<meta name=\"twitter:label2\" content=\"Tempo di lettura stimato\" \/>\n\t<meta name=\"twitter:data2\" content=\"3 minuti\" \/>\n<script type=\"application\/ld+json\" class=\"yoast-schema-graph\">{\"@context\":\"https:\/\/schema.org\",\"@graph\":[{\"@type\":\"Organization\",\"@id\":\"https:\/\/lionsnordestitalia.it\/distretto108ta1\/#organization\",\"name\":\"Lions Italia Distretto 108Ta1\",\"url\":\"https:\/\/lionsnordestitalia.it\/distretto108ta1\/\",\"sameAs\":[],\"logo\":{\"@type\":\"ImageObject\",\"@id\":\"https:\/\/lionsnordestitalia.it\/distretto108ta1\/#logo\",\"inLanguage\":\"it-IT\",\"url\":\"https:\/\/static.lionsnordestitalia.it\/2021\/03\/LCI_emblem_2color_web.png\",\"contentUrl\":\"https:\/\/static.lionsnordestitalia.it\/2021\/03\/LCI_emblem_2color_web.png\",\"width\":1296,\"height\":1296,\"caption\":\"Lions Italia Distretto 108Ta1\"},\"image\":{\"@id\":\"https:\/\/lionsnordestitalia.it\/distretto108ta1\/#logo\"}},{\"@type\":\"WebSite\",\"@id\":\"https:\/\/lionsnordestitalia.it\/distretto108ta1\/#website\",\"url\":\"https:\/\/lionsnordestitalia.it\/distretto108ta1\/\",\"name\":\"Lions Italia Distretto 108Ta1\",\"description\":\"\",\"publisher\":{\"@id\":\"https:\/\/lionsnordestitalia.it\/distretto108ta1\/#organization\"},\"potentialAction\":[{\"@type\":\"SearchAction\",\"target\":{\"@type\":\"EntryPoint\",\"urlTemplate\":\"https:\/\/lionsnordestitalia.it\/distretto108ta1\/?s={search_term_string}\"},\"query-input\":\"required name=search_term_string\"}],\"inLanguage\":\"it-IT\"},{\"@type\":\"ImageObject\",\"@id\":\"https:\/\/lionsnordestitalia.it\/distretto108ta1\/cultura-dellautonomia-serata-organizzata-dal-lions-club-rovereto-depero\/#primaryimage\",\"inLanguage\":\"it-IT\",\"url\":\"https:\/\/static.lionsnordestitalia.it\/2023\/01\/23-01-depero.jpg\",\"contentUrl\":\"https:\/\/static.lionsnordestitalia.it\/2023\/01\/23-01-depero.jpg\",\"width\":600,\"height\":401},{\"@type\":\"WebPage\",\"@id\":\"https:\/\/lionsnordestitalia.it\/distretto108ta1\/cultura-dellautonomia-serata-organizzata-dal-lions-club-rovereto-depero\/#webpage\",\"url\":\"https:\/\/lionsnordestitalia.it\/distretto108ta1\/cultura-dellautonomia-serata-organizzata-dal-lions-club-rovereto-depero\/\",\"name\":\"Cultura dell\u2019Autonomia - serata organizzata dal Lions Club Rovereto Depero | Lions Italia Distretto 108Ta1\",\"isPartOf\":{\"@id\":\"https:\/\/lionsnordestitalia.it\/distretto108ta1\/#website\"},\"primaryImageOfPage\":{\"@id\":\"https:\/\/lionsnordestitalia.it\/distretto108ta1\/cultura-dellautonomia-serata-organizzata-dal-lions-club-rovereto-depero\/#primaryimage\"},\"datePublished\":\"2023-01-24T22:34:02+00:00\",\"dateModified\":\"2023-01-24T22:34:02+00:00\",\"breadcrumb\":{\"@id\":\"https:\/\/lionsnordestitalia.it\/distretto108ta1\/cultura-dellautonomia-serata-organizzata-dal-lions-club-rovereto-depero\/#breadcrumb\"},\"inLanguage\":\"it-IT\",\"potentialAction\":[{\"@type\":\"ReadAction\",\"target\":[\"https:\/\/lionsnordestitalia.it\/distretto108ta1\/cultura-dellautonomia-serata-organizzata-dal-lions-club-rovereto-depero\/\"]}]},{\"@type\":\"BreadcrumbList\",\"@id\":\"https:\/\/lionsnordestitalia.it\/distretto108ta1\/cultura-dellautonomia-serata-organizzata-dal-lions-club-rovereto-depero\/#breadcrumb\",\"itemListElement\":[{\"@type\":\"ListItem\",\"position\":1,\"name\":\"Home\",\"item\":\"https:\/\/lionsnordestitalia.it\/distretto108ta1\/\"},{\"@type\":\"ListItem\",\"position\":2,\"name\":\"Cultura dell\u2019Autonomia &#8211; serata organizzata dal Lions Club Rovereto Depero\"}]},{\"@type\":\"Article\",\"@id\":\"https:\/\/lionsnordestitalia.it\/distretto108ta1\/cultura-dellautonomia-serata-organizzata-dal-lions-club-rovereto-depero\/#article\",\"isPartOf\":{\"@id\":\"https:\/\/lionsnordestitalia.it\/distretto108ta1\/cultura-dellautonomia-serata-organizzata-dal-lions-club-rovereto-depero\/#webpage\"},\"author\":{\"@id\":\"https:\/\/lionsnordestitalia.it\/distretto108ta1\/#\/schema\/person\/515e45c4bbe4396145c9a2e13b277251\"},\"headline\":\"Cultura dell\u2019Autonomia &#8211; serata organizzata dal Lions Club Rovereto Depero\",\"datePublished\":\"2023-01-24T22:34:02+00:00\",\"dateModified\":\"2023-01-24T22:34:02+00:00\",\"mainEntityOfPage\":{\"@id\":\"https:\/\/lionsnordestitalia.it\/distretto108ta1\/cultura-dellautonomia-serata-organizzata-dal-lions-club-rovereto-depero\/#webpage\"},\"wordCount\":401,\"publisher\":{\"@id\":\"https:\/\/lionsnordestitalia.it\/distretto108ta1\/#organization\"},\"image\":{\"@id\":\"https:\/\/lionsnordestitalia.it\/distretto108ta1\/cultura-dellautonomia-serata-organizzata-dal-lions-club-rovereto-depero\/#primaryimage\"},\"thumbnailUrl\":\"https:\/\/static.lionsnordestitalia.it\/2023\/01\/23-01-depero.jpg\",\"articleSection\":[\"dal mondo dei Club\",\"Notizie generali\"],\"inLanguage\":\"it-IT\"},{\"@type\":\"Person\",\"@id\":\"https:\/\/lionsnordestitalia.it\/distretto108ta1\/#\/schema\/person\/515e45c4bbe4396145c9a2e13b277251\",\"name\":\"Franco De Toffol\"}]}<\/script>\n<!-- \/ Yoast SEO plugin. -->","yoast_head_json":{"title":"Cultura dell\u2019Autonomia - serata organizzata dal Lions Club Rovereto Depero | Lions Italia Distretto 108Ta1","robots":{"index":"index","follow":"follow","max-snippet":"max-snippet:-1","max-image-preview":"max-image-preview:large","max-video-preview":"max-video-preview:-1"},"canonical":"https:\/\/lionsnordestitalia.it\/distretto108ta1\/cultura-dellautonomia-serata-organizzata-dal-lions-club-rovereto-depero\/","og_locale":"it_IT","og_type":"article","og_title":"Cultura dell\u2019Autonomia - serata organizzata dal Lions Club Rovereto Depero | Lions Italia Distretto 108Ta1","og_description":"Il Lions Club Rovereto Fortunato Depero ha recentemente organizzato una [&hellip;]","og_url":"https:\/\/lionsnordestitalia.it\/distretto108ta1\/cultura-dellautonomia-serata-organizzata-dal-lions-club-rovereto-depero\/","og_site_name":"Lions Italia Distretto 108Ta1","article_published_time":"2023-01-24T22:34:02+00:00","og_image":[{"width":600,"height":401,"url":"https:\/\/lionsnordestitalia.it\/distretto108ta1\/wp-content\/uploads\/sites\/4\/2023\/01\/23-01-depero.jpg","type":"image\/jpeg"}],"twitter_card":"summary_large_image","twitter_misc":{"Scritto da":"Franco De Toffol","Tempo di lettura stimato":"3 minuti"},"schema":{"@context":"https:\/\/schema.org","@graph":[{"@type":"Organization","@id":"https:\/\/lionsnordestitalia.it\/distretto108ta1\/#organization","name":"Lions Italia Distretto 108Ta1","url":"https:\/\/lionsnordestitalia.it\/distretto108ta1\/","sameAs":[],"logo":{"@type":"ImageObject","@id":"https:\/\/lionsnordestitalia.it\/distretto108ta1\/#logo","inLanguage":"it-IT","url":"https:\/\/static.lionsnordestitalia.it\/2021\/03\/LCI_emblem_2color_web.png","contentUrl":"https:\/\/static.lionsnordestitalia.it\/2021\/03\/LCI_emblem_2color_web.png","width":1296,"height":1296,"caption":"Lions Italia Distretto 108Ta1"},"image":{"@id":"https:\/\/lionsnordestitalia.it\/distretto108ta1\/#logo"}},{"@type":"WebSite","@id":"https:\/\/lionsnordestitalia.it\/distretto108ta1\/#website","url":"https:\/\/lionsnordestitalia.it\/distretto108ta1\/","name":"Lions Italia Distretto 108Ta1","description":"","publisher":{"@id":"https:\/\/lionsnordestitalia.it\/distretto108ta1\/#organization"},"potentialAction":[{"@type":"SearchAction","target":{"@type":"EntryPoint","urlTemplate":"https:\/\/lionsnordestitalia.it\/distretto108ta1\/?s={search_term_string}"},"query-input":"required name=search_term_string"}],"inLanguage":"it-IT"},{"@type":"ImageObject","@id":"https:\/\/lionsnordestitalia.it\/distretto108ta1\/cultura-dellautonomia-serata-organizzata-dal-lions-club-rovereto-depero\/#primaryimage","inLanguage":"it-IT","url":"https:\/\/static.lionsnordestitalia.it\/2023\/01\/23-01-depero.jpg","contentUrl":"https:\/\/static.lionsnordestitalia.it\/2023\/01\/23-01-depero.jpg","width":600,"height":401},{"@type":"WebPage","@id":"https:\/\/lionsnordestitalia.it\/distretto108ta1\/cultura-dellautonomia-serata-organizzata-dal-lions-club-rovereto-depero\/#webpage","url":"https:\/\/lionsnordestitalia.it\/distretto108ta1\/cultura-dellautonomia-serata-organizzata-dal-lions-club-rovereto-depero\/","name":"Cultura dell\u2019Autonomia - serata organizzata dal Lions Club Rovereto Depero | Lions Italia Distretto 108Ta1","isPartOf":{"@id":"https:\/\/lionsnordestitalia.it\/distretto108ta1\/#website"},"primaryImageOfPage":{"@id":"https:\/\/lionsnordestitalia.it\/distretto108ta1\/cultura-dellautonomia-serata-organizzata-dal-lions-club-rovereto-depero\/#primaryimage"},"datePublished":"2023-01-24T22:34:02+00:00","dateModified":"2023-01-24T22:34:02+00:00","breadcrumb":{"@id":"https:\/\/lionsnordestitalia.it\/distretto108ta1\/cultura-dellautonomia-serata-organizzata-dal-lions-club-rovereto-depero\/#breadcrumb"},"inLanguage":"it-IT","potentialAction":[{"@type":"ReadAction","target":["https:\/\/lionsnordestitalia.it\/distretto108ta1\/cultura-dellautonomia-serata-organizzata-dal-lions-club-rovereto-depero\/"]}]},{"@type":"BreadcrumbList","@id":"https:\/\/lionsnordestitalia.it\/distretto108ta1\/cultura-dellautonomia-serata-organizzata-dal-lions-club-rovereto-depero\/#breadcrumb","itemListElement":[{"@type":"ListItem","position":1,"name":"Home","item":"https:\/\/lionsnordestitalia.it\/distretto108ta1\/"},{"@type":"ListItem","position":2,"name":"Cultura dell\u2019Autonomia &#8211; serata organizzata dal Lions Club Rovereto Depero"}]},{"@type":"Article","@id":"https:\/\/lionsnordestitalia.it\/distretto108ta1\/cultura-dellautonomia-serata-organizzata-dal-lions-club-rovereto-depero\/#article","isPartOf":{"@id":"https:\/\/lionsnordestitalia.it\/distretto108ta1\/cultura-dellautonomia-serata-organizzata-dal-lions-club-rovereto-depero\/#webpage"},"author":{"@id":"https:\/\/lionsnordestitalia.it\/distretto108ta1\/#\/schema\/person\/515e45c4bbe4396145c9a2e13b277251"},"headline":"Cultura dell\u2019Autonomia &#8211; serata organizzata dal Lions Club Rovereto Depero","datePublished":"2023-01-24T22:34:02+00:00","dateModified":"2023-01-24T22:34:02+00:00","mainEntityOfPage":{"@id":"https:\/\/lionsnordestitalia.it\/distretto108ta1\/cultura-dellautonomia-serata-organizzata-dal-lions-club-rovereto-depero\/#webpage"},"wordCount":401,"publisher":{"@id":"https:\/\/lionsnordestitalia.it\/distretto108ta1\/#organization"},"image":{"@id":"https:\/\/lionsnordestitalia.it\/distretto108ta1\/cultura-dellautonomia-serata-organizzata-dal-lions-club-rovereto-depero\/#primaryimage"},"thumbnailUrl":"https:\/\/static.lionsnordestitalia.it\/2023\/01\/23-01-depero.jpg","articleSection":["dal mondo dei Club","Notizie generali"],"inLanguage":"it-IT"},{"@type":"Person","@id":"https:\/\/lionsnordestitalia.it\/distretto108ta1\/#\/schema\/person\/515e45c4bbe4396145c9a2e13b277251","name":"Franco De Toffol"}]}},"_links":{"self":[{"href":"https:\/\/lionsnordestitalia.it\/distretto108ta1\/wp-json\/wp\/v2\/posts\/4560"}],"collection":[{"href":"https:\/\/lionsnordestitalia.it\/distretto108ta1\/wp-json\/wp\/v2\/posts"}],"about":[{"href":"https:\/\/lionsnordestitalia.it\/distretto108ta1\/wp-json\/wp\/v2\/types\/post"}],"author":[{"embeddable":true,"href":"https:\/\/lionsnordestitalia.it\/distretto108ta1\/wp-json\/wp\/v2\/users\/9"}],"replies":[{"embeddable":true,"href":"https:\/\/lionsnordestitalia.it\/distretto108ta1\/wp-json\/wp\/v2\/comments?post=4560"}],"version-history":[{"count":2,"href":"https:\/\/lionsnordestitalia.it\/distretto108ta1\/wp-json\/wp\/v2\/posts\/4560\/revisions"}],"predecessor-version":[{"id":4563,"href":"https:\/\/lionsnordestitalia.it\/distretto108ta1\/wp-json\/wp\/v2\/posts\/4560\/revisions\/4563"}],"wp:featuredmedia":[{"embeddable":true,"href":"https:\/\/lionsnordestitalia.it\/distretto108ta1\/wp-json\/wp\/v2\/media\/4562"}],"wp:attachment":[{"href":"https:\/\/lionsnordestitalia.it\/distretto108ta1\/wp-json\/wp\/v2\/media?parent=4560"}],"wp:term":[{"taxonomy":"category","embeddable":true,"href":"https:\/\/lionsnordestitalia.it\/distretto108ta1\/wp-json\/wp\/v2\/categories?post=4560"},{"taxonomy":"post_tag","embeddable":true,"href":"https:\/\/lionsnordestitalia.it\/distretto108ta1\/wp-json\/wp\/v2\/tags?post=4560"},{"taxonomy":"visibilities","embeddable":true,"href":"https:\/\/lionsnordestitalia.it\/distretto108ta1\/wp-json\/wp\/v2\/visibilities?post=4560"}],"curies":[{"name":"wp","href":"https:\/\/api.w.org\/{rel}","templated":true}]}}