{"id":4695,"date":"2023-03-10T11:09:40","date_gmt":"2023-03-10T10:09:40","guid":{"rendered":"https:\/\/lionsnordestitalia.it\/distretto108ta1\/?p=4695"},"modified":"2023-03-10T11:09:40","modified_gmt":"2023-03-10T10:09:40","slug":"gli-utenti-della-cooperativa-sociale-macrame-sulla-neve-con-il-lions-club-rovereto-depero","status":"publish","type":"post","link":"https:\/\/lionsnordestitalia.it\/distretto108ta1\/gli-utenti-della-cooperativa-sociale-macrame-sulla-neve-con-il-lions-club-rovereto-depero\/","title":{"rendered":"Gli utenti della Cooperativa Sociale Macram\u00e8 sulla neve con il Lions Club Rovereto Depero"},"content":{"rendered":"<p><img decoding=\"async\" class=\"alignnone  wp-image-4696\" src=\"https:\/\/lionsnordestitalia.it\/distretto108ta1\/wp-content\/uploads\/sites\/4\/2023\/03\/23-03-neve-depero-2-300x143.jpg\" alt=\"\" width=\"430\" height=\"205\" srcset=\"https:\/\/static.lionsnordestitalia.it\/2023\/03\/23-03-neve-depero-2-200x96.jpg 200w, https:\/\/static.lionsnordestitalia.it\/2023\/03\/23-03-neve-depero-2-300x143.jpg 300w, https:\/\/static.lionsnordestitalia.it\/2023\/03\/23-03-neve-depero-2-400x191.jpg 400w, https:\/\/static.lionsnordestitalia.it\/2023\/03\/23-03-neve-depero-2-600x287.jpg 600w, https:\/\/static.lionsnordestitalia.it\/2023\/03\/23-03-neve-depero-2-768x367.jpg 768w, https:\/\/static.lionsnordestitalia.it\/2023\/03\/23-03-neve-depero-2-800x382.jpg 800w, https:\/\/static.lionsnordestitalia.it\/2023\/03\/23-03-neve-depero-2-1024x489.jpg 1024w, https:\/\/static.lionsnordestitalia.it\/2023\/03\/23-03-neve-depero-2-1200x574.jpg 1200w, https:\/\/static.lionsnordestitalia.it\/2023\/03\/23-03-neve-depero-2.jpg 1270w\" sizes=\"(max-width: 430px) 100vw, 430px\" \/><\/p>\n<p align=\"JUSTIFY\">\u00c8 stata una giornata di sole, di neve e di festa quella che hanno trascorso a Passo Coe gli utenti del Servizio Macram\u00e8, realizzata grazie al supporto del Lions Club Fortunato Depero di Rovereto, in collaborazione con la Scuola di sci Scie di Passione. Macram\u00e8 \u00e8 un progetto della cooperativa sociale Villa Maria rivolto a persone con disabilit\u00e0, con obiettivo l\u2019inclusione. Stessa finalit\u00e0 ha la scuola Scie di passione che, grazie all\u2019utilizzo di specifici ausili, \u00e8 impegnata a favorire attraverso la pratica sportiva l\u2019integrazione delle persone disabili.<\/p>\n<p align=\"JUSTIFY\"><img decoding=\"async\" class=\" wp-image-4697 alignright\" src=\"https:\/\/lionsnordestitalia.it\/distretto108ta1\/wp-content\/uploads\/sites\/4\/2023\/03\/23-03-neve-depero-300x240.jpg\" alt=\"\" width=\"279\" height=\"223\" srcset=\"https:\/\/static.lionsnordestitalia.it\/2023\/03\/23-03-neve-depero-200x160.jpg 200w, https:\/\/static.lionsnordestitalia.it\/2023\/03\/23-03-neve-depero-300x240.jpg 300w, https:\/\/static.lionsnordestitalia.it\/2023\/03\/23-03-neve-depero-400x320.jpg 400w, https:\/\/static.lionsnordestitalia.it\/2023\/03\/23-03-neve-depero.jpg 518w\" sizes=\"(max-width: 279px) 100vw, 279px\" \/><\/p>\n<p align=\"JUSTIFY\">Gli utenti di Macram\u00e8 protagonisti della giornata sono stati una quindicina, suddivisi in tre gruppi: ciaspole, sci e sci da seduto. Base logistica della giornata \u00e8 stato il Rifugio Eghel Pause, dove a fine attivit\u00e0 si \u00e8 svolta la premiazione e il pranzo. L\u2019iniziativa ha coinvolto complessivamente una quarantina di persone: oltre ai ragazzi e ai maestri di sci, gli operatori e i volontari di Macram\u00e8 e i soci del Lions Club. La soddisfazione \u00e8 stata tanta e l\u2019idea \u00e8 quella di riproporre anche per il 2024 una nuova edizione di questa iniziativa.<\/p>\n<p align=\"JUSTIFY\">Per <b>Barbara Hueber<\/b>, responsabile di Macram\u00e8, quella vissuta alle Coe \u00e8 stata per tutti i partecipanti \u201cuna giornata di s<span style=\"color: #050505\">port, divertimento, inclusione e leggerezza\u201d che permette davvero di vivere appieno un\u2019esperienza entusiasmante. Arrivederci dunque al prossimo anno!<\/span><\/p>\n","protected":false},"excerpt":{"rendered":"<p>\u00c8 stata una giornata di sole, di neve e di [&hellip;]<\/p>\n","protected":false},"author":9,"featured_media":4697,"comment_status":"closed","ping_status":"closed","sticky":false,"template":"","format":"standard","meta":[],"categories":[49,50,17],"tags":[],"visibilities":[14],"yoast_head":"<!-- This site is optimized with the Yoast SEO plugin v18.4.1 - https:\/\/yoast.com\/wordpress\/plugins\/seo\/ -->\n<title>Gli utenti della Cooperativa Sociale Macram\u00e8 sulla neve con il Lions Club Rovereto Depero | Lions Italia Distretto 108Ta1<\/title>\n<meta name=\"robots\" content=\"index, follow, max-snippet:-1, max-image-preview:large, max-video-preview:-1\" \/>\n<link rel=\"canonical\" href=\"https:\/\/lionsnordestitalia.it\/distretto108ta1\/gli-utenti-della-cooperativa-sociale-macrame-sulla-neve-con-il-lions-club-rovereto-depero\/\" \/>\n<meta property=\"og:locale\" content=\"it_IT\" \/>\n<meta property=\"og:type\" content=\"article\" \/>\n<meta property=\"og:title\" content=\"Gli utenti della Cooperativa Sociale Macram\u00e8 sulla neve con il Lions Club Rovereto Depero | Lions Italia Distretto 108Ta1\" \/>\n<meta property=\"og:description\" content=\"\u00c8 stata una giornata di sole, di neve e di [&hellip;]\" \/>\n<meta property=\"og:url\" content=\"https:\/\/lionsnordestitalia.it\/distretto108ta1\/gli-utenti-della-cooperativa-sociale-macrame-sulla-neve-con-il-lions-club-rovereto-depero\/\" \/>\n<meta property=\"og:site_name\" content=\"Lions Italia Distretto 108Ta1\" \/>\n<meta property=\"article:published_time\" content=\"2023-03-10T10:09:40+00:00\" \/>\n<meta property=\"og:image\" content=\"https:\/\/lionsnordestitalia.it\/distretto108ta1\/wp-content\/uploads\/sites\/4\/2023\/03\/23-03-neve-depero.jpg\" \/>\n\t<meta property=\"og:image:width\" content=\"518\" \/>\n\t<meta property=\"og:image:height\" content=\"414\" \/>\n\t<meta property=\"og:image:type\" content=\"image\/jpeg\" \/>\n<meta name=\"twitter:card\" content=\"summary_large_image\" \/>\n<meta name=\"twitter:label1\" content=\"Scritto da\" \/>\n\t<meta name=\"twitter:data1\" content=\"Franco De Toffol\" \/>\n\t<meta name=\"twitter:label2\" content=\"Tempo di lettura stimato\" \/>\n\t<meta name=\"twitter:data2\" content=\"2 minuti\" \/>\n<script type=\"application\/ld+json\" class=\"yoast-schema-graph\">{\"@context\":\"https:\/\/schema.org\",\"@graph\":[{\"@type\":\"Organization\",\"@id\":\"https:\/\/lionsnordestitalia.it\/distretto108ta1\/#organization\",\"name\":\"Lions Italia Distretto 108Ta1\",\"url\":\"https:\/\/lionsnordestitalia.it\/distretto108ta1\/\",\"sameAs\":[],\"logo\":{\"@type\":\"ImageObject\",\"@id\":\"https:\/\/lionsnordestitalia.it\/distretto108ta1\/#logo\",\"inLanguage\":\"it-IT\",\"url\":\"https:\/\/static.lionsnordestitalia.it\/2021\/03\/LCI_emblem_2color_web.png\",\"contentUrl\":\"https:\/\/static.lionsnordestitalia.it\/2021\/03\/LCI_emblem_2color_web.png\",\"width\":1296,\"height\":1296,\"caption\":\"Lions Italia Distretto 108Ta1\"},\"image\":{\"@id\":\"https:\/\/lionsnordestitalia.it\/distretto108ta1\/#logo\"}},{\"@type\":\"WebSite\",\"@id\":\"https:\/\/lionsnordestitalia.it\/distretto108ta1\/#website\",\"url\":\"https:\/\/lionsnordestitalia.it\/distretto108ta1\/\",\"name\":\"Lions Italia Distretto 108Ta1\",\"description\":\"\",\"publisher\":{\"@id\":\"https:\/\/lionsnordestitalia.it\/distretto108ta1\/#organization\"},\"potentialAction\":[{\"@type\":\"SearchAction\",\"target\":{\"@type\":\"EntryPoint\",\"urlTemplate\":\"https:\/\/lionsnordestitalia.it\/distretto108ta1\/?s={search_term_string}\"},\"query-input\":\"required name=search_term_string\"}],\"inLanguage\":\"it-IT\"},{\"@type\":\"ImageObject\",\"@id\":\"https:\/\/lionsnordestitalia.it\/distretto108ta1\/gli-utenti-della-cooperativa-sociale-macrame-sulla-neve-con-il-lions-club-rovereto-depero\/#primaryimage\",\"inLanguage\":\"it-IT\",\"url\":\"https:\/\/static.lionsnordestitalia.it\/2023\/03\/23-03-neve-depero.jpg\",\"contentUrl\":\"https:\/\/static.lionsnordestitalia.it\/2023\/03\/23-03-neve-depero.jpg\",\"width\":518,\"height\":414},{\"@type\":\"WebPage\",\"@id\":\"https:\/\/lionsnordestitalia.it\/distretto108ta1\/gli-utenti-della-cooperativa-sociale-macrame-sulla-neve-con-il-lions-club-rovereto-depero\/#webpage\",\"url\":\"https:\/\/lionsnordestitalia.it\/distretto108ta1\/gli-utenti-della-cooperativa-sociale-macrame-sulla-neve-con-il-lions-club-rovereto-depero\/\",\"name\":\"Gli utenti della Cooperativa Sociale Macram\u00e8 sulla neve con il Lions Club Rovereto Depero | Lions Italia Distretto 108Ta1\",\"isPartOf\":{\"@id\":\"https:\/\/lionsnordestitalia.it\/distretto108ta1\/#website\"},\"primaryImageOfPage\":{\"@id\":\"https:\/\/lionsnordestitalia.it\/distretto108ta1\/gli-utenti-della-cooperativa-sociale-macrame-sulla-neve-con-il-lions-club-rovereto-depero\/#primaryimage\"},\"datePublished\":\"2023-03-10T10:09:40+00:00\",\"dateModified\":\"2023-03-10T10:09:40+00:00\",\"breadcrumb\":{\"@id\":\"https:\/\/lionsnordestitalia.it\/distretto108ta1\/gli-utenti-della-cooperativa-sociale-macrame-sulla-neve-con-il-lions-club-rovereto-depero\/#breadcrumb\"},\"inLanguage\":\"it-IT\",\"potentialAction\":[{\"@type\":\"ReadAction\",\"target\":[\"https:\/\/lionsnordestitalia.it\/distretto108ta1\/gli-utenti-della-cooperativa-sociale-macrame-sulla-neve-con-il-lions-club-rovereto-depero\/\"]}]},{\"@type\":\"BreadcrumbList\",\"@id\":\"https:\/\/lionsnordestitalia.it\/distretto108ta1\/gli-utenti-della-cooperativa-sociale-macrame-sulla-neve-con-il-lions-club-rovereto-depero\/#breadcrumb\",\"itemListElement\":[{\"@type\":\"ListItem\",\"position\":1,\"name\":\"Home\",\"item\":\"https:\/\/lionsnordestitalia.it\/distretto108ta1\/\"},{\"@type\":\"ListItem\",\"position\":2,\"name\":\"Gli utenti della Cooperativa Sociale Macram\u00e8 sulla neve con il Lions Club Rovereto Depero\"}]},{\"@type\":\"Article\",\"@id\":\"https:\/\/lionsnordestitalia.it\/distretto108ta1\/gli-utenti-della-cooperativa-sociale-macrame-sulla-neve-con-il-lions-club-rovereto-depero\/#article\",\"isPartOf\":{\"@id\":\"https:\/\/lionsnordestitalia.it\/distretto108ta1\/gli-utenti-della-cooperativa-sociale-macrame-sulla-neve-con-il-lions-club-rovereto-depero\/#webpage\"},\"author\":{\"@id\":\"https:\/\/lionsnordestitalia.it\/distretto108ta1\/#\/schema\/person\/515e45c4bbe4396145c9a2e13b277251\"},\"headline\":\"Gli utenti della Cooperativa Sociale Macram\u00e8 sulla neve con il Lions Club Rovereto Depero\",\"datePublished\":\"2023-03-10T10:09:40+00:00\",\"dateModified\":\"2023-03-10T10:09:40+00:00\",\"mainEntityOfPage\":{\"@id\":\"https:\/\/lionsnordestitalia.it\/distretto108ta1\/gli-utenti-della-cooperativa-sociale-macrame-sulla-neve-con-il-lions-club-rovereto-depero\/#webpage\"},\"wordCount\":228,\"publisher\":{\"@id\":\"https:\/\/lionsnordestitalia.it\/distretto108ta1\/#organization\"},\"image\":{\"@id\":\"https:\/\/lionsnordestitalia.it\/distretto108ta1\/gli-utenti-della-cooperativa-sociale-macrame-sulla-neve-con-il-lions-club-rovereto-depero\/#primaryimage\"},\"thumbnailUrl\":\"https:\/\/static.lionsnordestitalia.it\/2023\/03\/23-03-neve-depero.jpg\",\"articleSection\":[\"dal mondo dei Club\",\"dal mondo dello sport\",\"service\"],\"inLanguage\":\"it-IT\"},{\"@type\":\"Person\",\"@id\":\"https:\/\/lionsnordestitalia.it\/distretto108ta1\/#\/schema\/person\/515e45c4bbe4396145c9a2e13b277251\",\"name\":\"Franco De Toffol\"}]}<\/script>\n<!-- \/ Yoast SEO plugin. -->","yoast_head_json":{"title":"Gli utenti della Cooperativa Sociale Macram\u00e8 sulla neve con il Lions Club Rovereto Depero | Lions Italia Distretto 108Ta1","robots":{"index":"index","follow":"follow","max-snippet":"max-snippet:-1","max-image-preview":"max-image-preview:large","max-video-preview":"max-video-preview:-1"},"canonical":"https:\/\/lionsnordestitalia.it\/distretto108ta1\/gli-utenti-della-cooperativa-sociale-macrame-sulla-neve-con-il-lions-club-rovereto-depero\/","og_locale":"it_IT","og_type":"article","og_title":"Gli utenti della Cooperativa Sociale Macram\u00e8 sulla neve con il Lions Club Rovereto Depero | Lions Italia Distretto 108Ta1","og_description":"\u00c8 stata una giornata di sole, di neve e di [&hellip;]","og_url":"https:\/\/lionsnordestitalia.it\/distretto108ta1\/gli-utenti-della-cooperativa-sociale-macrame-sulla-neve-con-il-lions-club-rovereto-depero\/","og_site_name":"Lions Italia Distretto 108Ta1","article_published_time":"2023-03-10T10:09:40+00:00","og_image":[{"width":518,"height":414,"url":"https:\/\/lionsnordestitalia.it\/distretto108ta1\/wp-content\/uploads\/sites\/4\/2023\/03\/23-03-neve-depero.jpg","type":"image\/jpeg"}],"twitter_card":"summary_large_image","twitter_misc":{"Scritto da":"Franco De Toffol","Tempo di lettura stimato":"2 minuti"},"schema":{"@context":"https:\/\/schema.org","@graph":[{"@type":"Organization","@id":"https:\/\/lionsnordestitalia.it\/distretto108ta1\/#organization","name":"Lions Italia Distretto 108Ta1","url":"https:\/\/lionsnordestitalia.it\/distretto108ta1\/","sameAs":[],"logo":{"@type":"ImageObject","@id":"https:\/\/lionsnordestitalia.it\/distretto108ta1\/#logo","inLanguage":"it-IT","url":"https:\/\/static.lionsnordestitalia.it\/2021\/03\/LCI_emblem_2color_web.png","contentUrl":"https:\/\/static.lionsnordestitalia.it\/2021\/03\/LCI_emblem_2color_web.png","width":1296,"height":1296,"caption":"Lions Italia Distretto 108Ta1"},"image":{"@id":"https:\/\/lionsnordestitalia.it\/distretto108ta1\/#logo"}},{"@type":"WebSite","@id":"https:\/\/lionsnordestitalia.it\/distretto108ta1\/#website","url":"https:\/\/lionsnordestitalia.it\/distretto108ta1\/","name":"Lions Italia Distretto 108Ta1","description":"","publisher":{"@id":"https:\/\/lionsnordestitalia.it\/distretto108ta1\/#organization"},"potentialAction":[{"@type":"SearchAction","target":{"@type":"EntryPoint","urlTemplate":"https:\/\/lionsnordestitalia.it\/distretto108ta1\/?s={search_term_string}"},"query-input":"required name=search_term_string"}],"inLanguage":"it-IT"},{"@type":"ImageObject","@id":"https:\/\/lionsnordestitalia.it\/distretto108ta1\/gli-utenti-della-cooperativa-sociale-macrame-sulla-neve-con-il-lions-club-rovereto-depero\/#primaryimage","inLanguage":"it-IT","url":"https:\/\/static.lionsnordestitalia.it\/2023\/03\/23-03-neve-depero.jpg","contentUrl":"https:\/\/static.lionsnordestitalia.it\/2023\/03\/23-03-neve-depero.jpg","width":518,"height":414},{"@type":"WebPage","@id":"https:\/\/lionsnordestitalia.it\/distretto108ta1\/gli-utenti-della-cooperativa-sociale-macrame-sulla-neve-con-il-lions-club-rovereto-depero\/#webpage","url":"https:\/\/lionsnordestitalia.it\/distretto108ta1\/gli-utenti-della-cooperativa-sociale-macrame-sulla-neve-con-il-lions-club-rovereto-depero\/","name":"Gli utenti della Cooperativa Sociale Macram\u00e8 sulla neve con il Lions Club Rovereto Depero | Lions Italia Distretto 108Ta1","isPartOf":{"@id":"https:\/\/lionsnordestitalia.it\/distretto108ta1\/#website"},"primaryImageOfPage":{"@id":"https:\/\/lionsnordestitalia.it\/distretto108ta1\/gli-utenti-della-cooperativa-sociale-macrame-sulla-neve-con-il-lions-club-rovereto-depero\/#primaryimage"},"datePublished":"2023-03-10T10:09:40+00:00","dateModified":"2023-03-10T10:09:40+00:00","breadcrumb":{"@id":"https:\/\/lionsnordestitalia.it\/distretto108ta1\/gli-utenti-della-cooperativa-sociale-macrame-sulla-neve-con-il-lions-club-rovereto-depero\/#breadcrumb"},"inLanguage":"it-IT","potentialAction":[{"@type":"ReadAction","target":["https:\/\/lionsnordestitalia.it\/distretto108ta1\/gli-utenti-della-cooperativa-sociale-macrame-sulla-neve-con-il-lions-club-rovereto-depero\/"]}]},{"@type":"BreadcrumbList","@id":"https:\/\/lionsnordestitalia.it\/distretto108ta1\/gli-utenti-della-cooperativa-sociale-macrame-sulla-neve-con-il-lions-club-rovereto-depero\/#breadcrumb","itemListElement":[{"@type":"ListItem","position":1,"name":"Home","item":"https:\/\/lionsnordestitalia.it\/distretto108ta1\/"},{"@type":"ListItem","position":2,"name":"Gli utenti della Cooperativa Sociale Macram\u00e8 sulla neve con il Lions Club Rovereto Depero"}]},{"@type":"Article","@id":"https:\/\/lionsnordestitalia.it\/distretto108ta1\/gli-utenti-della-cooperativa-sociale-macrame-sulla-neve-con-il-lions-club-rovereto-depero\/#article","isPartOf":{"@id":"https:\/\/lionsnordestitalia.it\/distretto108ta1\/gli-utenti-della-cooperativa-sociale-macrame-sulla-neve-con-il-lions-club-rovereto-depero\/#webpage"},"author":{"@id":"https:\/\/lionsnordestitalia.it\/distretto108ta1\/#\/schema\/person\/515e45c4bbe4396145c9a2e13b277251"},"headline":"Gli utenti della Cooperativa Sociale Macram\u00e8 sulla neve con il Lions Club Rovereto Depero","datePublished":"2023-03-10T10:09:40+00:00","dateModified":"2023-03-10T10:09:40+00:00","mainEntityOfPage":{"@id":"https:\/\/lionsnordestitalia.it\/distretto108ta1\/gli-utenti-della-cooperativa-sociale-macrame-sulla-neve-con-il-lions-club-rovereto-depero\/#webpage"},"wordCount":228,"publisher":{"@id":"https:\/\/lionsnordestitalia.it\/distretto108ta1\/#organization"},"image":{"@id":"https:\/\/lionsnordestitalia.it\/distretto108ta1\/gli-utenti-della-cooperativa-sociale-macrame-sulla-neve-con-il-lions-club-rovereto-depero\/#primaryimage"},"thumbnailUrl":"https:\/\/static.lionsnordestitalia.it\/2023\/03\/23-03-neve-depero.jpg","articleSection":["dal mondo dei Club","dal mondo dello sport","service"],"inLanguage":"it-IT"},{"@type":"Person","@id":"https:\/\/lionsnordestitalia.it\/distretto108ta1\/#\/schema\/person\/515e45c4bbe4396145c9a2e13b277251","name":"Franco De Toffol"}]}},"_links":{"self":[{"href":"https:\/\/lionsnordestitalia.it\/distretto108ta1\/wp-json\/wp\/v2\/posts\/4695"}],"collection":[{"href":"https:\/\/lionsnordestitalia.it\/distretto108ta1\/wp-json\/wp\/v2\/posts"}],"about":[{"href":"https:\/\/lionsnordestitalia.it\/distretto108ta1\/wp-json\/wp\/v2\/types\/post"}],"author":[{"embeddable":true,"href":"https:\/\/lionsnordestitalia.it\/distretto108ta1\/wp-json\/wp\/v2\/users\/9"}],"replies":[{"embeddable":true,"href":"https:\/\/lionsnordestitalia.it\/distretto108ta1\/wp-json\/wp\/v2\/comments?post=4695"}],"version-history":[{"count":1,"href":"https:\/\/lionsnordestitalia.it\/distretto108ta1\/wp-json\/wp\/v2\/posts\/4695\/revisions"}],"predecessor-version":[{"id":4698,"href":"https:\/\/lionsnordestitalia.it\/distretto108ta1\/wp-json\/wp\/v2\/posts\/4695\/revisions\/4698"}],"wp:featuredmedia":[{"embeddable":true,"href":"https:\/\/lionsnordestitalia.it\/distretto108ta1\/wp-json\/wp\/v2\/media\/4697"}],"wp:attachment":[{"href":"https:\/\/lionsnordestitalia.it\/distretto108ta1\/wp-json\/wp\/v2\/media?parent=4695"}],"wp:term":[{"taxonomy":"category","embeddable":true,"href":"https:\/\/lionsnordestitalia.it\/distretto108ta1\/wp-json\/wp\/v2\/categories?post=4695"},{"taxonomy":"post_tag","embeddable":true,"href":"https:\/\/lionsnordestitalia.it\/distretto108ta1\/wp-json\/wp\/v2\/tags?post=4695"},{"taxonomy":"visibilities","embeddable":true,"href":"https:\/\/lionsnordestitalia.it\/distretto108ta1\/wp-json\/wp\/v2\/visibilities?post=4695"}],"curies":[{"name":"wp","href":"https:\/\/api.w.org\/{rel}","templated":true}]}}